{"id":116492,"date":"2020-11-27T13:28:43","date_gmt":"2020-11-27T16:28:43","guid":{"rendered":"http:\/\/www.vivacquaadvogados.com\/stj-resp-1-081-149-taxa-selic-inaplicabilidade-condenacao-dividas-civis\/"},"modified":"2020-12-06T13:29:57","modified_gmt":"2020-12-06T16:29:57","slug":"stj-resp-1-081-149-taxa-selic-inaplicabilidade-condenacao-dividas-civis","status":"publish","type":"post","link":"https:\/\/www.vivacquaadvogados.com\/es\/stj-resp-1-081-149-taxa-selic-inaplicabilidade-condenacao-dividas-civis\/","title":{"rendered":"STJ &#8211; RESP 1.081.149 \u2013 TAXA SELIC &#8211; INAPLICABILIDADE CONDENA\u00c7\u00c3O &#8211; D\u00cdVIDAS CIVIS"},"content":{"rendered":"<div class=\"fusion-fullwidth fullwidth-box fusion-builder-row-1 nonhundred-percent-fullwidth non-hundred-percent-height-scrolling gradient-container-1\" style=\"--awb-border-radius-top-left:0px;--awb-border-radius-top-right:0px;--awb-border-radius-bottom-right:0px;--awb-border-radius-bottom-left:0px;--awb-margin-top:0px;--awb-margin-bottom:80px;--awb-flex-wrap:wrap;\" ><div class=\"fusion-builder-row fusion-row\"><div class=\"fusion-layout-column fusion_builder_column fusion-builder-column-0 fusion_builder_column_1_1 1_1 fusion-one-full fusion-column-first fusion-column-last\" style=\"--awb-bg-size:cover;--awb-margin-bottom:0px;\"><div class=\"fusion-column-wrapper fusion-flex-column-wrapper-legacy\"><div class=\"fusion-text fusion-text-1\"><p style=\"text-align: left; font-size: 20px; line-height: 30px;\">O ministro Lu\u00eds Felipe Salom\u00e3o, da 4\u00aa Turma do Superior Tribunal de Justi\u00e7a, prop\u00f4s o estabelecimento de uma distin\u00e7\u00e3o para os casos de c\u00e1lculo de juros quando relacionados a danos contratuais e extracontratuais quando relacionado a d\u00edvidas civis. Vale informar que a aplica\u00e7\u00e3o da taxa Selic para corre\u00e7\u00e3o de d\u00edvidas civis, n\u00e3o \u00e9 incompat\u00edvel com o artigo 406 do C\u00f3digo Civil de 2002, mas \u00e9 utilizado apenas como um par\u00e2metro a ser adotado, por falta de outro mais adequado.<\/p>\n<\/div><div class=\"fusion-clearfix\"><\/div><\/div><\/div><\/div><\/div>\n<div id=\"njcdgcofcbnlbpkpdhmlmiblaglnkpnj\"><\/div>\n","protected":false},"excerpt":{"rendered":"","protected":false},"author":1,"featured_media":0,"comment_status":"open","ping_status":"open","sticky":false,"template":"","format":"standard","meta":{"footnotes":""},"categories":[2],"tags":[],"class_list":["post-116492","post","type-post","status-publish","format-standard","hentry","category-publicaciones_es"],"_links":{"self":[{"href":"https:\/\/www.vivacquaadvogados.com\/es\/wp-json\/wp\/v2\/posts\/116492\/"}],"collection":[{"href":"https:\/\/www.vivacquaadvogados.com\/es\/wp-json\/wp\/v2\/posts\/"}],"about":[{"href":"https:\/\/www.vivacquaadvogados.com\/es\/wp-json\/wp\/v2\/types\/post\/"}],"author":[{"embeddable":true,"href":"https:\/\/www.vivacquaadvogados.com\/es\/wp-json\/wp\/v2\/users\/1\/"}],"replies":[{"embeddable":true,"href":"https:\/\/www.vivacquaadvogados.com\/es\/wp-json\/wp\/v2\/comments\/?post=116492"}],"version-history":[{"count":1,"href":"https:\/\/www.vivacquaadvogados.com\/es\/wp-json\/wp\/v2\/posts\/116492\/revisions\/"}],"predecessor-version":[{"id":116493,"href":"https:\/\/www.vivacquaadvogados.com\/es\/wp-json\/wp\/v2\/posts\/116492\/revisions\/116493\/"}],"wp:attachment":[{"href":"https:\/\/www.vivacquaadvogados.com\/es\/wp-json\/wp\/v2\/media\/?parent=116492"}],"wp:term":[{"taxonomy":"category","embeddable":true,"href":"https:\/\/www.vivacquaadvogados.com\/es\/wp-json\/wp\/v2\/categories\/?post=116492"},{"taxonomy":"post_tag","embeddable":true,"href":"https:\/\/www.vivacquaadvogados.com\/es\/wp-json\/wp\/v2\/tags\/?post=116492"}],"curies":[{"name":"wp","href":"https:\/\/api.w.org\/{rel}","templated":true}]}}