{"id":135029,"date":"2022-05-02T10:55:09","date_gmt":"2022-05-02T13:55:09","guid":{"rendered":"http:\/\/www.vivacquaadvogados.com\/parana-refis-direito-tributario-lei-20-946-21-decreto-estadual-10-766-22-desconto-e-parcelamento\/"},"modified":"2022-05-20T09:55:55","modified_gmt":"2022-05-20T12:55:55","slug":"parana-refis-direito-tributario-lei-20-946-21-decreto-estadual-10-766-22-desconto-e-parcelamento","status":"publish","type":"post","link":"https:\/\/www.vivacquaadvogados.com\/es\/parana-refis-direito-tributario-lei-20-946-21-decreto-estadual-10-766-22-desconto-e-parcelamento\/","title":{"rendered":"PARAN\u00c1 &#8211; REFIS \u2013 DIREITO TRIBUT\u00c1RIO \u2013 LEI 20.946\/21 \u2013 DECRETO ESTADUAL 10.766\/22 \u2013 DESCONTO E PARCELAMENTO"},"content":{"rendered":"<div class=\"fusion-fullwidth fullwidth-box fusion-builder-row-1 nonhundred-percent-fullwidth non-hundred-percent-height-scrolling gradient-container-1\" style=\"--awb-border-radius-top-left:0px;--awb-border-radius-top-right:0px;--awb-border-radius-bottom-right:0px;--awb-border-radius-bottom-left:0px;--awb-margin-top:0px;--awb-margin-bottom:80px;--awb-flex-wrap:wrap;\" ><div class=\"fusion-builder-row fusion-row\"><div class=\"fusion-layout-column fusion_builder_column fusion-builder-column-0 fusion_builder_column_1_1 1_1 fusion-one-full fusion-column-first fusion-column-last\" style=\"--awb-bg-size:cover;--awb-margin-bottom:0px;\"><div class=\"fusion-column-wrapper fusion-flex-column-wrapper-legacy\"><div class=\"fusion-text fusion-text-1\" style=\"--awb-text-transform:none;\"><p style=\"text-align: left; font-size: 20px; line-height: 30px;\">Com a publica\u00e7\u00e3o da Lei n\u00ba 20.946\/21 e do Decreto Estadual n\u00ba 10.766\/22, o Estado do Paran\u00e1 lan\u00e7ou o Programa de Parcelamento e Incentivo \u00e0 Regulariza\u00e7\u00e3o de D\u00e9bitos, que estabelece descontos e condi\u00e7\u00f5es especiais de pagamentos, bem como a possibilidade de utiliza\u00e7\u00e3o precat\u00f3rios para quita\u00e7\u00e3o dos d\u00e9bitos tribut\u00e1rios.<\/p>\n<p style=\"text-align: left; font-size: 20px; line-height: 30px;\">Podem ser inclu\u00eddos no REFIS d\u00e9bitos tribut\u00e1rios cujos fatos geradores tenham ocorrido at\u00e9 31\/07\/21 e d\u00e9bitos n\u00e3o tribut\u00e1rios inscritos em d\u00edvida ativa pela Secretaria de Estado da Fazenda \u2013 SEFA at\u00e9 31\/07\/21. No caso de d\u00e9bitos j\u00e1 ajuizados, os honor\u00e1rios advocat\u00edcios \u00e0 Fazenda Estadual ficam reduzidos a 3% do saldo consolidado da d\u00edvida, ap\u00f3s as redu\u00e7\u00f5es.<\/p>\n<\/div><div class=\"fusion-clearfix\"><\/div><\/div><\/div><\/div><\/div>\n","protected":false},"excerpt":{"rendered":"","protected":false},"author":1,"featured_media":0,"comment_status":"open","ping_status":"open","sticky":false,"template":"","format":"standard","meta":{"footnotes":""},"categories":[2],"tags":[],"class_list":["post-135029","post","type-post","status-publish","format-standard","hentry","category-publicaciones_es"],"_links":{"self":[{"href":"https:\/\/www.vivacquaadvogados.com\/es\/wp-json\/wp\/v2\/posts\/135029\/"}],"collection":[{"href":"https:\/\/www.vivacquaadvogados.com\/es\/wp-json\/wp\/v2\/posts\/"}],"about":[{"href":"https:\/\/www.vivacquaadvogados.com\/es\/wp-json\/wp\/v2\/types\/post\/"}],"author":[{"embeddable":true,"href":"https:\/\/www.vivacquaadvogados.com\/es\/wp-json\/wp\/v2\/users\/1\/"}],"replies":[{"embeddable":true,"href":"https:\/\/www.vivacquaadvogados.com\/es\/wp-json\/wp\/v2\/comments\/?post=135029"}],"version-history":[{"count":1,"href":"https:\/\/www.vivacquaadvogados.com\/es\/wp-json\/wp\/v2\/posts\/135029\/revisions\/"}],"predecessor-version":[{"id":135030,"href":"https:\/\/www.vivacquaadvogados.com\/es\/wp-json\/wp\/v2\/posts\/135029\/revisions\/135030\/"}],"wp:attachment":[{"href":"https:\/\/www.vivacquaadvogados.com\/es\/wp-json\/wp\/v2\/media\/?parent=135029"}],"wp:term":[{"taxonomy":"category","embeddable":true,"href":"https:\/\/www.vivacquaadvogados.com\/es\/wp-json\/wp\/v2\/categories\/?post=135029"},{"taxonomy":"post_tag","embeddable":true,"href":"https:\/\/www.vivacquaadvogados.com\/es\/wp-json\/wp\/v2\/tags\/?post=135029"}],"curies":[{"name":"wp","href":"https:\/\/api.w.org\/{rel}","templated":true}]}}