{"id":135261,"date":"2022-07-22T12:35:18","date_gmt":"2022-07-22T15:35:18","guid":{"rendered":"http:\/\/www.vivacquaadvogados.com\/rj-lei-no-9-789-22-processos-administrativos-prazos-processuais-contagem-alteracao\/"},"modified":"2022-08-15T10:36:18","modified_gmt":"2022-08-15T13:36:18","slug":"rj-lei-no-9-789-22-processos-administrativos-prazos-processuais-contagem-alteracao","status":"publish","type":"post","link":"https:\/\/www.vivacquaadvogados.com\/es\/rj-lei-no-9-789-22-processos-administrativos-prazos-processuais-contagem-alteracao\/","title":{"rendered":"RJ &#8211; LEI N\u00ba 9.789\/22 &#8211; PROCESSOS ADMINISTRATIVOS &#8211; PRAZOS PROCESSUAIS &#8211; CONTAGEM &#8211; ALTERA\u00c7\u00c3O"},"content":{"rendered":"<div class=\"fusion-fullwidth fullwidth-box fusion-builder-row-1 nonhundred-percent-fullwidth non-hundred-percent-height-scrolling gradient-container-1\" style=\"--awb-border-radius-top-left:0px;--awb-border-radius-top-right:0px;--awb-border-radius-bottom-right:0px;--awb-border-radius-bottom-left:0px;--awb-margin-top:0px;--awb-margin-bottom:80px;--awb-flex-wrap:wrap;\" ><div class=\"fusion-builder-row fusion-row\"><div class=\"fusion-layout-column fusion_builder_column fusion-builder-column-0 fusion_builder_column_1_1 1_1 fusion-one-full fusion-column-first fusion-column-last\" style=\"--awb-bg-size:cover;--awb-margin-bottom:0px;\"><div class=\"fusion-column-wrapper fusion-flex-column-wrapper-legacy\"><div class=\"fusion-text fusion-text-1\" style=\"--awb-text-transform:none;\"><p style=\"text-align: left; font-size: 20px; line-height: 30px;\">Pela mencionada lei, publicada em 14\/07\/22 foi alterado o crit\u00e9rio de contagem dos prazos processuais administrativos para dias \u00fateis, bem como determinada a suspens\u00e3o dos prazos no per\u00edodo compreendido entre 20 de dezembro e 20 de janeiro, sendo vedados neste per\u00edodo, julgamentos no \u00e2mbito no Contencioso Administrativo Tribut\u00e1rio.<\/p>\n<p style=\"text-align: left; font-size: 20px; line-height: 30px;\">Entrando em vigor em 12\/09\/22 esta a regra aplica-se aos processos administrativos sancionat\u00f3rios, ao Decreto-Lei n\u00b0 05\/75 (C\u00f3digo Tribut\u00e1rio do Estado), e \u00e0s Leis Estaduais n\u00b0s 3.467\/00 (San\u00e7\u00f5es Ambientais) e 5.427\/09 (normas do processo administrativo).<\/p>\n<\/div><div class=\"fusion-clearfix\"><\/div><\/div><\/div><\/div><\/div>\n","protected":false},"excerpt":{"rendered":"","protected":false},"author":1,"featured_media":0,"comment_status":"open","ping_status":"open","sticky":false,"template":"","format":"standard","meta":{"footnotes":""},"categories":[2],"tags":[],"class_list":["post-135261","post","type-post","status-publish","format-standard","hentry","category-publicaciones_es"],"_links":{"self":[{"href":"https:\/\/www.vivacquaadvogados.com\/es\/wp-json\/wp\/v2\/posts\/135261\/"}],"collection":[{"href":"https:\/\/www.vivacquaadvogados.com\/es\/wp-json\/wp\/v2\/posts\/"}],"about":[{"href":"https:\/\/www.vivacquaadvogados.com\/es\/wp-json\/wp\/v2\/types\/post\/"}],"author":[{"embeddable":true,"href":"https:\/\/www.vivacquaadvogados.com\/es\/wp-json\/wp\/v2\/users\/1\/"}],"replies":[{"embeddable":true,"href":"https:\/\/www.vivacquaadvogados.com\/es\/wp-json\/wp\/v2\/comments\/?post=135261"}],"version-history":[{"count":1,"href":"https:\/\/www.vivacquaadvogados.com\/es\/wp-json\/wp\/v2\/posts\/135261\/revisions\/"}],"predecessor-version":[{"id":135262,"href":"https:\/\/www.vivacquaadvogados.com\/es\/wp-json\/wp\/v2\/posts\/135261\/revisions\/135262\/"}],"wp:attachment":[{"href":"https:\/\/www.vivacquaadvogados.com\/es\/wp-json\/wp\/v2\/media\/?parent=135261"}],"wp:term":[{"taxonomy":"category","embeddable":true,"href":"https:\/\/www.vivacquaadvogados.com\/es\/wp-json\/wp\/v2\/categories\/?post=135261"},{"taxonomy":"post_tag","embeddable":true,"href":"https:\/\/www.vivacquaadvogados.com\/es\/wp-json\/wp\/v2\/tags\/?post=135261"}],"curies":[{"name":"wp","href":"https:\/\/api.w.org\/{rel}","templated":true}]}}