{"id":136833,"date":"2024-09-04T08:44:03","date_gmt":"2024-09-04T11:44:03","guid":{"rendered":"https:\/\/www.vivacquaadvogados.com\/stj-contribuicoes-previdenciarias-decadencia-inicio-contagem-decisao-judicial\/"},"modified":"2024-09-04T08:44:27","modified_gmt":"2024-09-04T11:44:27","slug":"stj-contribuicoes-previdenciarias-decadencia-inicio-contagem-decisao-judicial","status":"publish","type":"post","link":"https:\/\/www.vivacquaadvogados.com\/es\/stj-contribuicoes-previdenciarias-decadencia-inicio-contagem-decisao-judicial\/","title":{"rendered":"STJ \u2013 CONTRIBUI\u00c7\u00d5ES PREVIDENCI\u00c1RIAS \u2013 DECAD\u00caNCIA \u2013 INICIO CONTAGEM \u2013 DECIS\u00c3O JUDICIAL"},"content":{"rendered":"<div class=\"fusion-fullwidth fullwidth-box fusion-builder-row-1 fusion-flex-container nonhundred-percent-fullwidth non-hundred-percent-height-scrolling gradient-container-1\" style=\"--awb-border-radius-top-left:0px;--awb-border-radius-top-right:0px;--awb-border-radius-bottom-right:0px;--awb-border-radius-bottom-left:0px;--awb-flex-wrap:wrap;\" ><div class=\"fusion-builder-row fusion-row fusion-flex-align-items-flex-start fusion-flex-content-wrap\" style=\"max-width:1144px;margin-left: calc(-4% \/ 2 );margin-right: calc(-4% \/ 2 );\"><div class=\"fusion-layout-column fusion_builder_column fusion-builder-column-0 fusion_builder_column_1_1 1_1 fusion-flex-column\" style=\"--awb-bg-size:cover;--awb-width-large:100%;--awb-margin-top-large:0px;--awb-spacing-right-large:1.92%;--awb-margin-bottom-large:0px;--awb-spacing-left-large:1.92%;--awb-width-medium:100%;--awb-spacing-right-medium:1.92%;--awb-spacing-left-medium:1.92%;--awb-width-small:100%;--awb-spacing-right-small:1.92%;--awb-spacing-left-small:1.92%;\"><div class=\"fusion-column-wrapper fusion-flex-justify-content-flex-start fusion-content-layout-column\"><div class=\"fusion-text fusion-text-1\"><p style=\"text-align: left; font-size: 20px; line-height: 30px;\">Sob o entendimento de que a senten\u00e7a \u00e9 o t\u00edtulo que fundamenta o cr\u00e9dito tribut\u00e1rio, quando a Justi\u00e7a do Trabalho condena o empregador a cumprir obriga\u00e7\u00e3o de pagar verbas salariais e reconhece a exist\u00eancia de obriga\u00e7\u00e3o tribut\u00e1ria, os ministros da 1\u00aa Turma, do Superior Tribunal de Justi\u00e7a (STJ) decidiram por unanimidade, no REsp 1.648.628, que a contagem do prazo decadencial para o lan\u00e7amento de contribui\u00e7\u00f5es previdenci\u00e1rias em casos de execu\u00e7\u00e3o trabalhista come\u00e7a a partir da decis\u00e3o proferida pela Justi\u00e7a do Trabalho.<\/p>\n<\/div><\/div><\/div><\/div><\/div>\n","protected":false},"excerpt":{"rendered":"","protected":false},"author":1,"featured_media":0,"comment_status":"open","ping_status":"open","sticky":false,"template":"","format":"standard","meta":{"footnotes":""},"categories":[2],"tags":[],"class_list":["post-136833","post","type-post","status-publish","format-standard","hentry","category-publicaciones_es"],"_links":{"self":[{"href":"https:\/\/www.vivacquaadvogados.com\/es\/wp-json\/wp\/v2\/posts\/136833\/"}],"collection":[{"href":"https:\/\/www.vivacquaadvogados.com\/es\/wp-json\/wp\/v2\/posts\/"}],"about":[{"href":"https:\/\/www.vivacquaadvogados.com\/es\/wp-json\/wp\/v2\/types\/post\/"}],"author":[{"embeddable":true,"href":"https:\/\/www.vivacquaadvogados.com\/es\/wp-json\/wp\/v2\/users\/1\/"}],"replies":[{"embeddable":true,"href":"https:\/\/www.vivacquaadvogados.com\/es\/wp-json\/wp\/v2\/comments\/?post=136833"}],"version-history":[{"count":1,"href":"https:\/\/www.vivacquaadvogados.com\/es\/wp-json\/wp\/v2\/posts\/136833\/revisions\/"}],"predecessor-version":[{"id":136834,"href":"https:\/\/www.vivacquaadvogados.com\/es\/wp-json\/wp\/v2\/posts\/136833\/revisions\/136834\/"}],"wp:attachment":[{"href":"https:\/\/www.vivacquaadvogados.com\/es\/wp-json\/wp\/v2\/media\/?parent=136833"}],"wp:term":[{"taxonomy":"category","embeddable":true,"href":"https:\/\/www.vivacquaadvogados.com\/es\/wp-json\/wp\/v2\/categories\/?post=136833"},{"taxonomy":"post_tag","embeddable":true,"href":"https:\/\/www.vivacquaadvogados.com\/es\/wp-json\/wp\/v2\/tags\/?post=136833"}],"curies":[{"name":"wp","href":"https:\/\/api.w.org\/{rel}","templated":true}]}}