{"id":137735,"date":"2026-03-24T08:45:41","date_gmt":"2026-03-24T11:45:41","guid":{"rendered":"https:\/\/www.vivacquaadvogados.com\/bcb-declaracao-de-capitais-brasileiros-no-exterior-cbe-ano-base-2025\/"},"modified":"2026-03-24T08:46:02","modified_gmt":"2026-03-24T11:46:02","slug":"bcb-declaracao-de-capitais-brasileiros-no-exterior-cbe-ano-base-2025","status":"publish","type":"post","link":"https:\/\/www.vivacquaadvogados.com\/es\/bcb-declaracao-de-capitais-brasileiros-no-exterior-cbe-ano-base-2025\/","title":{"rendered":"BCB \u2013 DECLARA\u00c7\u00c3O DE CAPITAIS BRASILEIROS NO EXTERIOR (CBE) &#8211; ANO-BASE 2025"},"content":{"rendered":"<div class=\"fusion-fullwidth fullwidth-box fusion-builder-row-1 fusion-flex-container nonhundred-percent-fullwidth non-hundred-percent-height-scrolling gradient-container-1\" style=\"--awb-border-radius-top-left:0px;--awb-border-radius-top-right:0px;--awb-border-radius-bottom-right:0px;--awb-border-radius-bottom-left:0px;--awb-flex-wrap:wrap;\" ><div class=\"fusion-builder-row fusion-row fusion-flex-align-items-flex-start fusion-flex-content-wrap\" style=\"max-width:1144px;margin-left: calc(-4% \/ 2 );margin-right: calc(-4% \/ 2 );\"><div class=\"fusion-layout-column fusion_builder_column fusion-builder-column-0 fusion_builder_column_1_1 1_1 fusion-flex-column\" style=\"--awb-bg-size:cover;--awb-width-large:100%;--awb-margin-top-large:0px;--awb-spacing-right-large:1.92%;--awb-margin-bottom-large:0px;--awb-spacing-left-large:1.92%;--awb-width-medium:100%;--awb-spacing-right-medium:1.92%;--awb-spacing-left-medium:1.92%;--awb-width-small:100%;--awb-spacing-right-small:1.92%;--awb-spacing-left-small:1.92%;\"><div class=\"fusion-column-wrapper fusion-flex-justify-content-flex-start fusion-content-layout-column\"><div class=\"fusion-text fusion-text-1\"><p style=\"text-align: left; font-size: 20px; line-height: 30px;\">A Declara\u00e7\u00e3o Anual de Capitais Brasileiros no Exterior (CBE) deve ser entregue at\u00e9 5 de abril de 2026, \u00e0s 18h atrav\u00e9s do sistema eletr\u00f4nico disponibilizado pelo Banco Central do Brasil.<\/p>\n<p style=\"text-align: left; font-size: 20px; line-height: 30px;\">S\u00e3o obrigadas a prestar a declara\u00e7\u00e3o as pessoas f\u00edsicas ou jur\u00eddicas residentes, domiciliadas ou com sede no Brasil que detenham ativos no exterior em valor igual ou superior ao limite estabelecido pela regulamenta\u00e7\u00e3o vigente. A obrigatoriedade de apresenta\u00e7\u00e3o da CBE varia conforme o montante de bens e valores mantidos no exterior, nos seguintes termos:<\/p>\n<ul style=\"text-align: left; font-size: 20px; line-height: 30px;\">\n<li>Declara\u00e7\u00e3o Anual (CBE Anual)<\/li>\n<\/ul>\n<p style=\"text-align: left; font-size: 20px; line-height: 30px;\">Deve ser entregue at\u00e9 5 de abril de 2026 pelas pessoas f\u00edsicas ou jur\u00eddicas que, na data-base de 31 de dezembro de 2025, detenham ativos no exterior em valor igual ou superior a USD 1.000.000,00 (um milh\u00e3o de d\u00f3lares dos Estados Unidos da Am\u00e9rica).<\/p>\n<ul style=\"text-align: left; font-size: 20px; line-height: 30px;\">\n<li>Declara\u00e7\u00e3o Trimestral (CBE Trimestral)<\/li>\n<\/ul>\n<p style=\"text-align: left; font-size: 20px; line-height: 30px;\">Al\u00e9m da declara\u00e7\u00e3o anual, dever\u00e3o apresentar trimestralmente a CBE as pessoas f\u00edsicas ou jur\u00eddicas que detenham ativos no exterior em valor igual ou superior a USD 100.000.000,00 (cem milh\u00f5es de d\u00f3lares dos Estados Unidos da Am\u00e9rica), conforme cronograma abaixo:<\/p>\n<ul style=\"text-align: left; font-size: 20px; line-height: 30px;\">\n<li>data-base de 31 de mar\u00e7o 2026: deve declarar entre 30 de abril e 5 de junho de 2026;<\/li>\n<li>data-base de 30 de junho de 2026, deve declarar entre 31 de julho e 5 de setembro de 2026, e;<\/li>\n<li>data-base de 30 de setembro de 2026, deve declarar entre 31 de outubro e 5 de dezembro de 2026.<\/li>\n<\/ul>\n<\/div><\/div><\/div><\/div><\/div>\n","protected":false},"excerpt":{"rendered":"","protected":false},"author":1,"featured_media":0,"comment_status":"open","ping_status":"open","sticky":false,"template":"","format":"standard","meta":{"footnotes":""},"categories":[2],"tags":[],"class_list":["post-137735","post","type-post","status-publish","format-standard","hentry","category-publicaciones_es"],"_links":{"self":[{"href":"https:\/\/www.vivacquaadvogados.com\/es\/wp-json\/wp\/v2\/posts\/137735\/"}],"collection":[{"href":"https:\/\/www.vivacquaadvogados.com\/es\/wp-json\/wp\/v2\/posts\/"}],"about":[{"href":"https:\/\/www.vivacquaadvogados.com\/es\/wp-json\/wp\/v2\/types\/post\/"}],"author":[{"embeddable":true,"href":"https:\/\/www.vivacquaadvogados.com\/es\/wp-json\/wp\/v2\/users\/1\/"}],"replies":[{"embeddable":true,"href":"https:\/\/www.vivacquaadvogados.com\/es\/wp-json\/wp\/v2\/comments\/?post=137735"}],"version-history":[{"count":1,"href":"https:\/\/www.vivacquaadvogados.com\/es\/wp-json\/wp\/v2\/posts\/137735\/revisions\/"}],"predecessor-version":[{"id":137736,"href":"https:\/\/www.vivacquaadvogados.com\/es\/wp-json\/wp\/v2\/posts\/137735\/revisions\/137736\/"}],"wp:attachment":[{"href":"https:\/\/www.vivacquaadvogados.com\/es\/wp-json\/wp\/v2\/media\/?parent=137735"}],"wp:term":[{"taxonomy":"category","embeddable":true,"href":"https:\/\/www.vivacquaadvogados.com\/es\/wp-json\/wp\/v2\/categories\/?post=137735"},{"taxonomy":"post_tag","embeddable":true,"href":"https:\/\/www.vivacquaadvogados.com\/es\/wp-json\/wp\/v2\/tags\/?post=137735"}],"curies":[{"name":"wp","href":"https:\/\/api.w.org\/{rel}","templated":true}]}}