{"id":137786,"date":"2026-04-22T10:06:54","date_gmt":"2026-04-22T13:06:54","guid":{"rendered":"https:\/\/www.vivacquaadvogados.com\/carf-plataforma-de-pagamento-responsabilizacao-debitos-oriundos-de-fraude\/"},"modified":"2026-04-22T10:07:17","modified_gmt":"2026-04-22T13:07:17","slug":"carf-plataforma-de-pagamento-responsabilizacao-debitos-oriundos-de-fraude","status":"publish","type":"post","link":"https:\/\/www.vivacquaadvogados.com\/es\/carf-plataforma-de-pagamento-responsabilizacao-debitos-oriundos-de-fraude\/","title":{"rendered":"CARF \u2013 PLATAFORMA DE PAGAMENTO \u2013 RESPONSABILIZA\u00c7\u00c3O \u2013 D\u00c9BITOS ORIUNDOS DE FRAUDE"},"content":{"rendered":"<div class=\"fusion-fullwidth fullwidth-box fusion-builder-row-1 fusion-flex-container nonhundred-percent-fullwidth non-hundred-percent-height-scrolling gradient-container-1\" style=\"--awb-border-radius-top-left:0px;--awb-border-radius-top-right:0px;--awb-border-radius-bottom-right:0px;--awb-border-radius-bottom-left:0px;--awb-flex-wrap:wrap;\" ><div class=\"fusion-builder-row fusion-row fusion-flex-align-items-flex-start fusion-flex-content-wrap\" style=\"max-width:1144px;margin-left: calc(-4% \/ 2 );margin-right: calc(-4% \/ 2 );\"><div class=\"fusion-layout-column fusion_builder_column fusion-builder-column-0 fusion_builder_column_1_1 1_1 fusion-flex-column\" style=\"--awb-bg-size:cover;--awb-width-large:100%;--awb-margin-top-large:0px;--awb-spacing-right-large:1.92%;--awb-margin-bottom-large:0px;--awb-spacing-left-large:1.92%;--awb-width-medium:100%;--awb-spacing-right-medium:1.92%;--awb-spacing-left-medium:1.92%;--awb-width-small:100%;--awb-spacing-right-small:1.92%;--awb-spacing-left-small:1.92%;\"><div class=\"fusion-column-wrapper fusion-flex-justify-content-flex-start fusion-content-layout-column\"><div class=\"fusion-text fusion-text-1\"><p style=\"text-align: left; font-size: 20px; line-height: 30px;\">A 2\u00aa Turma da 1\u00aa C\u00e2mara da 1\u00aa Se\u00e7\u00e3o do Conselho Administrativo de Recursos Fiscais (CARF) decidiu por 05 votos a 01, no processo 13855.723458\/2019-40, pela manuten\u00e7\u00e3o de lan\u00e7amento de Imposto de Renda Retido na Fonte no valor de R$ 2,5 milh\u00f5es contra a Mercado Pago Institui\u00e7\u00e3o de Pagamento referente a transfer\u00eancias feitas na plataforma em 2014 por empresas supostamente envolvidas em um esquema de fraude tribut\u00e1ria.<\/p>\n<\/div><\/div><\/div><\/div><\/div>\n","protected":false},"excerpt":{"rendered":"","protected":false},"author":1,"featured_media":0,"comment_status":"open","ping_status":"open","sticky":false,"template":"","format":"standard","meta":{"footnotes":""},"categories":[2],"tags":[],"class_list":["post-137786","post","type-post","status-publish","format-standard","hentry","category-publicaciones_es"],"_links":{"self":[{"href":"https:\/\/www.vivacquaadvogados.com\/es\/wp-json\/wp\/v2\/posts\/137786\/"}],"collection":[{"href":"https:\/\/www.vivacquaadvogados.com\/es\/wp-json\/wp\/v2\/posts\/"}],"about":[{"href":"https:\/\/www.vivacquaadvogados.com\/es\/wp-json\/wp\/v2\/types\/post\/"}],"author":[{"embeddable":true,"href":"https:\/\/www.vivacquaadvogados.com\/es\/wp-json\/wp\/v2\/users\/1\/"}],"replies":[{"embeddable":true,"href":"https:\/\/www.vivacquaadvogados.com\/es\/wp-json\/wp\/v2\/comments\/?post=137786"}],"version-history":[{"count":1,"href":"https:\/\/www.vivacquaadvogados.com\/es\/wp-json\/wp\/v2\/posts\/137786\/revisions\/"}],"predecessor-version":[{"id":137787,"href":"https:\/\/www.vivacquaadvogados.com\/es\/wp-json\/wp\/v2\/posts\/137786\/revisions\/137787\/"}],"wp:attachment":[{"href":"https:\/\/www.vivacquaadvogados.com\/es\/wp-json\/wp\/v2\/media\/?parent=137786"}],"wp:term":[{"taxonomy":"category","embeddable":true,"href":"https:\/\/www.vivacquaadvogados.com\/es\/wp-json\/wp\/v2\/categories\/?post=137786"},{"taxonomy":"post_tag","embeddable":true,"href":"https:\/\/www.vivacquaadvogados.com\/es\/wp-json\/wp\/v2\/tags\/?post=137786"}],"curies":[{"name":"wp","href":"https:\/\/api.w.org\/{rel}","templated":true}]}}