{"id":2498,"date":"2018-04-19T15:03:55","date_gmt":"2018-04-19T18:03:55","guid":{"rendered":"http:\/\/www.vivacquaadvogados.com\/cvm-compliance-comissao-de-valores-mobiliarios-informe-de-governanca-corporativa-plataforma-propria\/"},"modified":"2018-04-19T15:03:55","modified_gmt":"2018-04-19T18:03:55","slug":"cvm-compliance-comissao-de-valores-mobiliarios-informe-de-governanca-corporativa-plataforma-propria","status":"publish","type":"post","link":"https:\/\/www.vivacquaadvogados.com\/es\/cvm-compliance-comissao-de-valores-mobiliarios-informe-de-governanca-corporativa-plataforma-propria\/","title":{"rendered":"CVM &#8211; COMPLIANCE \u2013 COMISS\u00c3O DE VALORES MOBILI\u00c1RIOS &#8211; INFORME DE GOVERNAN\u00c7A CORPORATIVA &#8211; PLATAFORMA PR\u00d3PRIA"},"content":{"rendered":"<p style=\"margin: 0cm 0cm 0.0001pt; text-align: justify; vertical-align: baseline;\"><strong><span style=\"font-size: 14pt; font-family: 'Arial Black', sans-serif; color: #2b673f; border: 1pt none windowtext; padding: 0cm; font-weight: normal;\">CVM &#8211; COMPLIANCE \u2013 COMISS\u00c3O DE VALORES MOBILI\u00c1RIOS &#8211; INFORME DE GOVERNAN\u00c7A CORPORATIVA &#8211; PLATAFORMA PR\u00d3PRIA<\/span><\/strong><\/p>\n<p style=\"margin: 0cm 0cm 0.0001pt; vertical-align: baseline; text-align: justify;\"><strong><\/strong><span style=\"font-family: Helvetica, sans-serif; color: #202020;\"><br \/> <span style=\"background: white;\"><span style=\"orphans: 2; widows: 2; float: none; word-spacing: 0px;\">&nbsp;<\/span><\/span><br style=\"outline: none; orphans: 2; widows: 2; word-spacing: 0px;\" \/> <\/span><span style=\"color: #000000; font-size: 12pt; font-family: arial, helvetica, sans-serif;\"><strong style=\"outline: none;\"><span style=\"background: white;\"><span style=\"outline: none;\"><span style=\"outline: none; orphans: 2; widows: 2; word-spacing: 0px;\"><span style=\"outline: none;\">No \u00faltimo dia 13\/03\/18 a Comiss\u00e3o de Valores Mobili\u00e1rios (CVM) deliberou sobre a prorroga\u00e7\u00e3o do envio de Informe sobre o C\u00f3digo Brasileiro de Governan\u00e7a Corporativa das Companhias Abertas, com o objetivo que as companhias abertas tenham tempo suficiente para atender o prazo definido no par\u00e1grafo 1\u00b0 do art. 29-A, da Instru\u00e7\u00e3o CVM n\u00ba 480\/2009. <!--more--> <\/span><\/span><\/span><\/span><\/strong><span style=\"background: white;\"><br style=\"outline: none;\" \/> &nbsp;<br style=\"outline: none;\" \/> <strong style=\"outline: none;\">Conforme estabelecido neste dispositivo, o emissor registrado em categoria A autorizado por entidade administradora de mercado \u00e0 negocia\u00e7\u00e3o de a\u00e7\u00f5es ou de certificados de dep\u00f3sito de a\u00e7\u00f5es em bolsa de valores deve entregar o Informe sobre o C\u00f3digo Brasileiro de Governan\u00e7a Corporativa &#8211; Companhias Abertas, em at\u00e9 7 (sete) meses contados da data de encerramento do exerc\u00edcio social.<\/strong><br style=\"outline: none;\" \/> &nbsp;<br style=\"outline: none;\" \/> <strong style=\"outline: none;\">O Colegiado da Autarquia prorrogou, em car\u00e1ter excepcional, para at\u00e9 31\/10\/18, o prazo final de entrega do Informe.<\/strong><\/span><\/span><\/p>\n","protected":false},"excerpt":{"rendered":"<p>CVM &#8211; COMPLIANCE \u2013 COMISS\u00c3O DE VALORES MOBILI\u00c1RIOS &#8211; INFORME  [&#8230;]<\/p>\n","protected":false},"author":1,"featured_media":0,"comment_status":"open","ping_status":"open","sticky":false,"template":"","format":"standard","meta":{"footnotes":""},"categories":[2],"tags":[],"class_list":["post-2498","post","type-post","status-publish","format-standard","hentry","category-publicaciones_es"],"_links":{"self":[{"href":"https:\/\/www.vivacquaadvogados.com\/es\/wp-json\/wp\/v2\/posts\/2498\/"}],"collection":[{"href":"https:\/\/www.vivacquaadvogados.com\/es\/wp-json\/wp\/v2\/posts\/"}],"about":[{"href":"https:\/\/www.vivacquaadvogados.com\/es\/wp-json\/wp\/v2\/types\/post\/"}],"author":[{"embeddable":true,"href":"https:\/\/www.vivacquaadvogados.com\/es\/wp-json\/wp\/v2\/users\/1\/"}],"replies":[{"embeddable":true,"href":"https:\/\/www.vivacquaadvogados.com\/es\/wp-json\/wp\/v2\/comments\/?post=2498"}],"version-history":[{"count":0,"href":"https:\/\/www.vivacquaadvogados.com\/es\/wp-json\/wp\/v2\/posts\/2498\/revisions\/"}],"wp:attachment":[{"href":"https:\/\/www.vivacquaadvogados.com\/es\/wp-json\/wp\/v2\/media\/?parent=2498"}],"wp:term":[{"taxonomy":"category","embeddable":true,"href":"https:\/\/www.vivacquaadvogados.com\/es\/wp-json\/wp\/v2\/categories\/?post=2498"},{"taxonomy":"post_tag","embeddable":true,"href":"https:\/\/www.vivacquaadvogados.com\/es\/wp-json\/wp\/v2\/tags\/?post=2498"}],"curies":[{"name":"wp","href":"https:\/\/api.w.org\/{rel}","templated":true}]}}