{"id":2499,"date":"2018-04-19T15:04:16","date_gmt":"2018-04-19T18:04:16","guid":{"rendered":"http:\/\/www.vivacquaadvogados.com\/carf-processo-no-15504-000485-2007-12-contribuicoes-previdenciarias-pagamento-de-premioeventual\/"},"modified":"2018-04-19T15:04:16","modified_gmt":"2018-04-19T18:04:16","slug":"carf-processo-no-15504-000485-2007-12-contribuicoes-previdenciarias-pagamento-de-premioeventual","status":"publish","type":"post","link":"https:\/\/www.vivacquaadvogados.com\/es\/carf-processo-no-15504-000485-2007-12-contribuicoes-previdenciarias-pagamento-de-premioeventual\/","title":{"rendered":"CARF &#8211; PROCESSO N\u00ba 15504.000485\/2007-12 &#8211; CONTRIBUI\u00c7\u00d5ES PREVIDENCI\u00c1RIAS &#8211; PAGAMENTO DE PR\u00caMIOEVENTUAL"},"content":{"rendered":"<p style=\"text-align: justify;\"><strong><span style=\"font-size: 14pt; line-height: 107%; font-family: 'Arial Black', sans-serif; color: #006633; border: 1pt none windowtext; padding: 0cm;\">CARF &#8211; PROCESSO N\u00ba 15504.000485\/2007-12 &#8211; CONTRIBUI\u00c7\u00d5ES PREVIDENCI\u00c1RIAS &#8211; PAGAMENTO DE PR\u00caMIO EVENTUAL<\/span><\/strong><span style=\"font-size: 10.5pt; line-height: 107%; font-family: Arial, sans-serif; color: black;\"><br \/> &nbsp;<br \/> <\/span><span style=\"font-size: 12pt; font-family: arial, helvetica, sans-serif;\"><strong><span style=\"line-height: 107%; border: 1pt none windowtext; padding: 0cm;\">A 1\u00aa Turma Ordin\u00e1ria da 2\u00aa C\u00e2mara da 2\u00aa Se\u00e7\u00e3o do Conselho Administrativo de Recursos Fiscais &#8211; CARF pelo Ac\u00f3rd\u00e3o n\u00ba 2201-004.072, publicado em 23\/02\/18, decidiu, por unanimidade, pela n\u00e3o incid\u00eancia de contribui\u00e7\u00e3o previdenci\u00e1ria sobre valores creditados aos empregados a t\u00edtulo de Participa\u00e7\u00e3o Nos Lucros E Resultados &#8211; PLR e pr\u00eamio por ideias aprovadas e implementadas pela empresa face a aus\u00eancia de car\u00e1ter remunerat\u00f3rio destas verbas, no seguinte sentido:<\/span><\/strong><\/span><\/p>\n<p>  <!--more-->  <\/p>\n<p style=\"text-align: justify;\"><span style=\"font-size: 12pt; font-family: arial, helvetica, sans-serif;\"><strong><span style=\"line-height: 107%; border: 1pt none windowtext; padding: 0cm;\"><\/span><\/strong><strong><span style=\"line-height: 107%; border: 1pt none windowtext; padding: 0cm;\"><br \/> &nbsp;<br \/> <\/span><\/strong><strong><span style=\"line-height: 107%; border: 1pt none windowtext; padding: 0cm;\">&#8220;<em>PARTICIPA\u00c7\u00c3O NOS LUCROS E RESULTADOS. DESVINCULA\u00c7\u00c3O DA REMUNERA\u00c7\u00c3O. CUMPRIMENTOS DOS REQUISITOS LEGAIS APLIC\u00c1VEIS. NECESSIDADE.<\/em><\/span><\/strong><strong><span style=\"line-height: 107%; border: 1pt none windowtext; padding: 0cm;\"><br \/> <\/span><\/strong><strong><em><span style=\"line-height: 107%; border: 1pt none windowtext; padding: 0cm;\">Os valores pagos a t\u00edtulo de PLR n\u00e3o integram o sal\u00e1rio de contribui\u00e7\u00e3o quando observados os requisitos constantes da lei de reg\u00eancia do instituto. O descumprimento de qualquer dos ditames da norma legal afasta seu car\u00e1ter incentivo, restabelecendo a incid\u00eancia tribut\u00e1ria sobre os valores pagos aos segurados. Intelig\u00eancia do artigo 176 do CTN.<\/span><\/em><\/strong><strong><span style=\"line-height: 107%; border: 1pt none windowtext; padding: 0cm;\"><br \/> <\/span><\/strong><strong><em><span style=\"line-height: 107%; border: 1pt none windowtext; padding: 0cm;\">PAGAMENTO DE VALORES COMO PREMIA\u00c7\u00c3O POR IDEIAS DOS SEGURADOS APROVADAS PELA EMPRESA. AUS\u00caNCIA DE CAR\u00c1TER REMUNERAT\u00d3RIO DA VERBA.<\/span><\/em><\/strong><strong><span style=\"line-height: 107%; border: 1pt none windowtext; padding: 0cm;\"><br \/> <\/span><\/strong><strong><em><span style=\"line-height: 107%; border: 1pt none windowtext; padding: 0cm;\">N\u00e3o integra o sal\u00e1rio de contribui\u00e7\u00e3o os valores pagos, pela empresa aos segurados, por ideias consideradas boas e \u00fateis relativas ao meio ambiente, processos industriais e de trabalho, desperd\u00edcio de mat\u00e9rias e\/ou mat\u00e9rias primas, em raz\u00e3o da aus\u00eancia de car\u00e1ter contraprestacional, de tempo \u00e0 disposi\u00e7\u00e3o ou por n\u00e3o se referir aos casos de interrup\u00e7\u00e3o dos efeitos do contrato de trabalho, n\u00e3o integrando, portanto, as parcelas remunerat\u00f3rias percebidas pelos segurados.<\/span><\/em><\/strong><strong><span style=\"line-height: 107%; border: 1pt none windowtext; padding: 0cm;\">&#8220;<\/span><\/strong><\/span><strong><\/strong><\/p>\n","protected":false},"excerpt":{"rendered":"<p>CARF &#8211; PROCESSO N\u00ba 15504.000485\/2007-12 &#8211; CONTRIBUI\u00c7\u00d5ES PREVIDENCI\u00c1RIAS &#8211; PAGAMENTO  [&#8230;]<\/p>\n","protected":false},"author":1,"featured_media":0,"comment_status":"open","ping_status":"open","sticky":false,"template":"","format":"standard","meta":{"footnotes":""},"categories":[2],"tags":[],"class_list":["post-2499","post","type-post","status-publish","format-standard","hentry","category-publicaciones_es"],"_links":{"self":[{"href":"https:\/\/www.vivacquaadvogados.com\/es\/wp-json\/wp\/v2\/posts\/2499\/"}],"collection":[{"href":"https:\/\/www.vivacquaadvogados.com\/es\/wp-json\/wp\/v2\/posts\/"}],"about":[{"href":"https:\/\/www.vivacquaadvogados.com\/es\/wp-json\/wp\/v2\/types\/post\/"}],"author":[{"embeddable":true,"href":"https:\/\/www.vivacquaadvogados.com\/es\/wp-json\/wp\/v2\/users\/1\/"}],"replies":[{"embeddable":true,"href":"https:\/\/www.vivacquaadvogados.com\/es\/wp-json\/wp\/v2\/comments\/?post=2499"}],"version-history":[{"count":0,"href":"https:\/\/www.vivacquaadvogados.com\/es\/wp-json\/wp\/v2\/posts\/2499\/revisions\/"}],"wp:attachment":[{"href":"https:\/\/www.vivacquaadvogados.com\/es\/wp-json\/wp\/v2\/media\/?parent=2499"}],"wp:term":[{"taxonomy":"category","embeddable":true,"href":"https:\/\/www.vivacquaadvogados.com\/es\/wp-json\/wp\/v2\/categories\/?post=2499"},{"taxonomy":"post_tag","embeddable":true,"href":"https:\/\/www.vivacquaadvogados.com\/es\/wp-json\/wp\/v2\/tags\/?post=2499"}],"curies":[{"name":"wp","href":"https:\/\/api.w.org\/{rel}","templated":true}]}}