{"id":2500,"date":"2018-04-19T15:04:39","date_gmt":"2018-04-19T18:04:39","guid":{"rendered":"http:\/\/www.vivacquaadvogados.com\/instrucao-normativa-no-1-796-18-repetro-alteracoes-extensao-de-prazo\/"},"modified":"2018-04-19T15:04:39","modified_gmt":"2018-04-19T18:04:39","slug":"instrucao-normativa-no-1-796-18-repetro-alteracoes-extensao-de-prazo","status":"publish","type":"post","link":"https:\/\/www.vivacquaadvogados.com\/es\/instrucao-normativa-no-1-796-18-repetro-alteracoes-extensao-de-prazo\/","title":{"rendered":"INSTRU\u00c7\u00c3O NORMATIVA N\u00ba 1.796\/18 &#8211; REPETRO &#8211; ALTERA\u00c7\u00d5ES &#8211; EXTENS\u00c3O DE PRAZO"},"content":{"rendered":"<p style=\"margin: 0cm 0cm 0pt; text-align: justify; line-height: normal;\"><span style=\"font-family: arial black,avant garde; font-size: 14pt;\"><strong><span style=\"color: #006633;\">INSTRU\u00c7\u00c3O NORMATIVA N\u00ba 1.796\/18 &#8211; REPETRO &#8211; ALTERA\u00c7\u00d5ES &#8211; EXTENS\u00c3O DE PRAZO<\/span><\/strong><\/span><\/p>\n<p style=\"margin: 0cm 0cm 0pt; text-align: justify; line-height: normal;\"><b><span style=\"font-family: 'Arial','sans-serif';\"><span style=\"font-size: small;\" size=\"3\">&nbsp;<\/span><\/span><\/b><\/p>\n<p style=\"margin: 0cm 0cm 0pt; text-align: justify; line-height: normal;\"><span style=\"color: #333333; font-family: arial,helvetica,sans-serif; font-size: 12pt;\"><b><span size=\"3\">A mencionada norma veio a alterar as instru\u00e7\u00f5es normativas que regulamentam os regimes aduaneiros especiais em especial o REPETRO, o Regime de Admiss\u00e3o Tempor\u00e1ria e o Repetro-Sped, sendo a principal delas a extens\u00e3o do prazo para a admiss\u00e3o de bens ao amparo do Repetro que a partir de agora permitir\u00e1 novas concess\u00f5es, prorroga\u00e7\u00f5es, substitui\u00e7\u00f5es de benefici\u00e1rios at\u00e9 31\/12\/18.<\/span><\/b><\/span><\/p>\n<p style=\"margin: 0cm 0cm 0pt; text-align: justify; line-height: normal;\"><span style=\"color: #333333; font-family: arial,helvetica,sans-serif; font-size: 12pt;\"><b><span size=\"3\">&nbsp;<\/span><\/b><\/span><\/p>\n<p style=\"margin: 0cm 0cm 0pt; text-align: justify; line-height: normal;\"><span style=\"color: #333333; font-family: arial,helvetica,sans-serif; font-size: 12pt;\"><b><span size=\"3\">Dentre <!--more--> as in\u00fameras altera\u00e7\u00f5es implementadas pela referia IN vale destacar:<\/span><\/b><\/span><\/p>\n<p style=\"margin: 0cm 0cm 0pt; text-align: justify; line-height: normal;\"><span style=\"color: #333333; font-family: arial,helvetica,sans-serif; font-size: 12pt;\"><b><span size=\"3\">&nbsp;<\/span><\/b><\/span><\/p>\n<p style=\"margin: 0cm 0cm 0pt 18pt; text-align: justify; line-height: normal;\"><span style=\"color: #333333; font-family: arial,helvetica,sans-serif; font-size: 12pt;\"><b><span size=\"3\"> &#8211; dever\u00e1 ocorrer previamente ao registro da Declara\u00e7\u00e3o de Importa\u00e7\u00e3o a apresenta\u00e7\u00e3o de documentos para novas concess\u00f5es do Repetro;<\/span><\/b><\/span><\/p>\n<p style=\"margin: 0cm 0cm 0pt 18pt; text-align: justify; line-height: normal;\"><span style=\"color: #333333; font-family: arial,helvetica,sans-serif; font-size: 12pt;\"><b><span size=\"3\"> &#8211; fim do procedimento simplificado para transfer\u00eancia de regime de bens do Repetro para o Regime de Admiss\u00e3o Tempor\u00e1ria;<\/span><\/b><\/span><\/p>\n<p style=\"margin: 0cm 0cm 0pt 18pt; text-align: justify; line-height: normal;\"><span style=\"color: #333333; font-family: arial,helvetica,sans-serif; font-size: 12pt;\"><b><span size=\"3\"> &#8211; concess\u00e3o autom\u00e1tica, sob condi\u00e7\u00e3o resolut\u00f3ria, para DIs parametrizadas para o canal verde;<\/span><\/b><\/span><\/p>\n<p style=\"margin: 0cm 0cm 0pt 18pt; text-align: justify; line-height: normal;\"><span style=\"color: #333333; font-family: arial,helvetica,sans-serif; font-size: 12pt;\"><b><span size=\"3\"> &#8211; possibilidade de pedido de desmobiliza\u00e7\u00e3o v\u00e1lido por 6 (seis) meses;<\/span><\/b><\/span><\/p>\n<p style=\"margin: 0cm 0cm 0pt 18pt; text-align: justify; line-height: normal;\"><span style=\"color: #333333; font-family: arial,helvetica,sans-serif; font-size: 12pt;\"><b><span size=\"3\"> &#8211; limita\u00e7\u00e3o at\u00e9 31\/12\/18 sem interrup\u00e7\u00e3o do prazo de vig\u00eancia da remessa dos bens no regime para teste, reparo e manuten\u00e7\u00e3o, no Brasil ou no exterior, e<\/span><\/b><\/span><\/p>\n<p style=\"margin: 0cm 0cm 0pt 18pt; text-align: justify; line-height: normal;\"><span style=\"color: #333333; font-family: arial,helvetica,sans-serif; font-size: 12pt;\"><b><span size=\"3\"> &#8211; distribui\u00e7\u00e3o das atribui\u00e7\u00f5es da EqPetro para as unidades da Receita Federal do Brasil de jurisdi\u00e7\u00e3o do benefici\u00e1rio.<\/span><\/b><\/span><\/p>\n","protected":false},"excerpt":{"rendered":"<p>INSTRU\u00c7\u00c3O NORMATIVA N\u00ba 1.796\/18 &#8211; REPETRO &#8211; ALTERA\u00c7\u00d5ES &#8211; EXTENS\u00c3O  [&#8230;]<\/p>\n","protected":false},"author":1,"featured_media":0,"comment_status":"open","ping_status":"open","sticky":false,"template":"","format":"standard","meta":{"footnotes":""},"categories":[2],"tags":[],"class_list":["post-2500","post","type-post","status-publish","format-standard","hentry","category-publicaciones_es"],"_links":{"self":[{"href":"https:\/\/www.vivacquaadvogados.com\/es\/wp-json\/wp\/v2\/posts\/2500\/"}],"collection":[{"href":"https:\/\/www.vivacquaadvogados.com\/es\/wp-json\/wp\/v2\/posts\/"}],"about":[{"href":"https:\/\/www.vivacquaadvogados.com\/es\/wp-json\/wp\/v2\/types\/post\/"}],"author":[{"embeddable":true,"href":"https:\/\/www.vivacquaadvogados.com\/es\/wp-json\/wp\/v2\/users\/1\/"}],"replies":[{"embeddable":true,"href":"https:\/\/www.vivacquaadvogados.com\/es\/wp-json\/wp\/v2\/comments\/?post=2500"}],"version-history":[{"count":0,"href":"https:\/\/www.vivacquaadvogados.com\/es\/wp-json\/wp\/v2\/posts\/2500\/revisions\/"}],"wp:attachment":[{"href":"https:\/\/www.vivacquaadvogados.com\/es\/wp-json\/wp\/v2\/media\/?parent=2500"}],"wp:term":[{"taxonomy":"category","embeddable":true,"href":"https:\/\/www.vivacquaadvogados.com\/es\/wp-json\/wp\/v2\/categories\/?post=2500"},{"taxonomy":"post_tag","embeddable":true,"href":"https:\/\/www.vivacquaadvogados.com\/es\/wp-json\/wp\/v2\/tags\/?post=2500"}],"curies":[{"name":"wp","href":"https:\/\/api.w.org\/{rel}","templated":true}]}}