{"id":4367,"date":"2018-06-07T08:35:31","date_gmt":"2018-06-07T11:35:31","guid":{"rendered":"http:\/\/www.vivacquaadvogados.com\/carf-acordao-no-3402%c2%ad005-025-compensacao-antes-do-transito-em-julgado-possibilidade\/"},"modified":"2018-06-07T08:35:32","modified_gmt":"2018-06-07T11:35:32","slug":"carf-acordao-no-3402%c2%ad005-025-compensacao-antes-do-transito-em-julgado-possibilidade","status":"publish","type":"post","link":"https:\/\/www.vivacquaadvogados.com\/es\/carf-acordao-no-3402%c2%ad005-025-compensacao-antes-do-transito-em-julgado-possibilidade\/","title":{"rendered":"CARF \u2013 AC\u00d3RD\u00c3O N\u00ba 3402\u00ad005.025 \u2013 COMPENSA\u00c7\u00c3O \u2013 ANTES DO TRANSITO EM JULGADO \u2013 POSSIBILIDADE"},"content":{"rendered":"<div class=\"fusion-fullwidth fullwidth-box fusion-builder-row-1 nonhundred-percent-fullwidth non-hundred-percent-height-scrolling gradient-container-1\" style=\"--awb-border-radius-top-left:0px;--awb-border-radius-top-right:0px;--awb-border-radius-bottom-right:0px;--awb-border-radius-bottom-left:0px;--awb-flex-wrap:wrap;\" ><div class=\"fusion-builder-row fusion-row\"><div class=\"fusion-layout-column fusion_builder_column fusion-builder-column-0 fusion_builder_column_1_1 1_1 fusion-one-full fusion-column-first fusion-column-last\" style=\"--awb-padding-top:;--awb-padding-right:;--awb-padding-bottom:;--awb-padding-left:;--awb-bg-size:cover;\"><div class=\"fusion-column-wrapper fusion-flex-column-wrapper-legacy\"><div class=\"fusion-text fusion-text-1\"><p style=\"text-align: left; font-size: 20px; line-height: 30px;\">Pela referida decis\u00e3o publicada em 04\/04\/18, proferida no processo n\u00ba 10880.906342\/2008\u00ad96, a 2\u00aa Turma do Conselho Administrativo de Recursos Fiscais &#8211; CARF inovou por unanimidade, ao restringir a aplica\u00e7\u00e3o do artigo 170-A, do C\u00f3digo Tribut\u00e1rio Nacional &#8211; CTN, pois entendeu pela possibilidade do contribuinte realizar compensa\u00e7\u00e3o tribut\u00e1ria antes do tr\u00e2nsito em julgado de decis\u00e3o que venha a reconhecer o ind\u00e9bito fiscal, face a exist\u00eancia de decis\u00e3o com efeito vinculante proferida pelo Supremo Tribunal Federal &#8211; STF, nos seguintes termos:<\/p>\n<p style=\"text-align: left; font-size: 20px; line-height: 30px;\"><em>&#8220;COMPENSA\u00c7\u00c3O. PEDIDO REALIZADO ANTES DO TR\u00c2NSITO EM JULGADO EM FAVOR DO CONTRIBUINTE. QUEST\u00c3O DE CONTE\u00daDO QUE DEVE SE SOBREPOR \u00c0 FORMA. PREVAL\u00caNCIA DA RATIO DECIDENDI DE PRECEDENTE PRETORIANO DE CAR\u00c1TER VINCULANTE COM A ADEQUA\u00c7\u00c3O DO DISPOSTO NO ART. 170\u00adA DO CTN.&#8221;<\/em><\/p>\n<p style=\"text-align: left; font-size: 20px; line-height: 30px;\">Embora o pedido de compensa\u00e7\u00e3o perpetrado pelo contribuinte tenha se contraposto \u00e0 literalidade do art. 170\u00adA do CTN, ao final do processamento judicial a lide por ele proposta foi julgada procedente, com base em precedente vinculante do STF. (RE n. 357.950) o que, por sua vez, faz convocar em seu favor o disposto nos artigos 489, \u00a7 1\u00ba, inciso VI, 926 e s.s., todos do CPC\/2015, bem como o disposto no art. 62, \u00a7 1\u00ba, inciso II, al\u00ednea &#8220;b&#8221;, do RICARF e, ainda, ao prescrito no art. 2\u00ba, inciso V da Portaria PGFN n. 502\/2016.<\/p>\n<p style=\"text-align: left; font-size: 20px; line-height: 30px;\">Recurso volunt\u00e1rio provido para sujeitar a Administra\u00e7\u00e3o P\u00fablica ao precedente vinculante do STF (RE n.\u00ba 357.950). Pedido de compensa\u00e7\u00e3o a ser analisado pela inst\u00e2ncia competente apenas para fins de apura\u00e7\u00e3o quanto a adequa\u00e7\u00e3o do montante compensado.<\/p>\n<\/div><div class=\"fusion-clearfix\"><\/div><\/div><\/div><\/div><\/div>\n","protected":false},"excerpt":{"rendered":"","protected":false},"author":1,"featured_media":0,"comment_status":"open","ping_status":"open","sticky":false,"template":"","format":"standard","meta":{"footnotes":""},"categories":[2],"tags":[],"class_list":["post-4367","post","type-post","status-publish","format-standard","hentry","category-publicaciones_es"],"_links":{"self":[{"href":"https:\/\/www.vivacquaadvogados.com\/es\/wp-json\/wp\/v2\/posts\/4367\/"}],"collection":[{"href":"https:\/\/www.vivacquaadvogados.com\/es\/wp-json\/wp\/v2\/posts\/"}],"about":[{"href":"https:\/\/www.vivacquaadvogados.com\/es\/wp-json\/wp\/v2\/types\/post\/"}],"author":[{"embeddable":true,"href":"https:\/\/www.vivacquaadvogados.com\/es\/wp-json\/wp\/v2\/users\/1\/"}],"replies":[{"embeddable":true,"href":"https:\/\/www.vivacquaadvogados.com\/es\/wp-json\/wp\/v2\/comments\/?post=4367"}],"version-history":[{"count":1,"href":"https:\/\/www.vivacquaadvogados.com\/es\/wp-json\/wp\/v2\/posts\/4367\/revisions\/"}],"predecessor-version":[{"id":4368,"href":"https:\/\/www.vivacquaadvogados.com\/es\/wp-json\/wp\/v2\/posts\/4367\/revisions\/4368\/"}],"wp:attachment":[{"href":"https:\/\/www.vivacquaadvogados.com\/es\/wp-json\/wp\/v2\/media\/?parent=4367"}],"wp:term":[{"taxonomy":"category","embeddable":true,"href":"https:\/\/www.vivacquaadvogados.com\/es\/wp-json\/wp\/v2\/categories\/?post=4367"},{"taxonomy":"post_tag","embeddable":true,"href":"https:\/\/www.vivacquaadvogados.com\/es\/wp-json\/wp\/v2\/tags\/?post=4367"}],"curies":[{"name":"wp","href":"https:\/\/api.w.org\/{rel}","templated":true}]}}