{"id":4369,"date":"2018-06-07T08:35:59","date_gmt":"2018-06-07T11:35:59","guid":{"rendered":"http:\/\/www.vivacquaadvogados.com\/novo-socio-ingresso-vivacqua-advogados\/"},"modified":"2018-06-07T08:36:00","modified_gmt":"2018-06-07T11:36:00","slug":"novo-socio-ingresso-vivacqua-advogados","status":"publish","type":"post","link":"https:\/\/www.vivacquaadvogados.com\/es\/novo-socio-ingresso-vivacqua-advogados\/","title":{"rendered":"NOVO S\u00d3CIO &#8211; INGRESSO &#8211; VIVACQUA ADVOGADOS"},"content":{"rendered":"<div class=\"fusion-fullwidth fullwidth-box fusion-builder-row-1 nonhundred-percent-fullwidth non-hundred-percent-height-scrolling gradient-container-1\" style=\"--awb-border-radius-top-left:0px;--awb-border-radius-top-right:0px;--awb-border-radius-bottom-right:0px;--awb-border-radius-bottom-left:0px;--awb-margin-top:0px;--awb-margin-bottom:0px;--awb-flex-wrap:wrap;\" ><div class=\"fusion-builder-row fusion-row\"><div class=\"fusion-layout-column fusion_builder_column fusion-builder-column-0 fusion_builder_column_1_1 1_1 fusion-one-full fusion-column-first fusion-column-last\" style=\"--awb-bg-size:cover;--awb-margin-bottom:0px;\"><div class=\"fusion-column-wrapper fusion-flex-column-wrapper-legacy\"><div class=\"fusion-text fusion-text-1\"><p style=\"text-align: left; font-size: 20px; line-height: 30px;\">Comunicamos nossos colaboradores, clientes, amigos e colegas o ingresso do Dr. Felipe Tadeu Freitas Taveira como s\u00f3cio da Vivacqua Advogados.<\/p>\n<p style=\"text-align: left; font-size: 20px; line-height: 30px;\">Profissional extremamente qualificado, com vasta experi\u00eancia em direito p\u00fablico, desde 2002 \u00e9 Procurador na Procuradoria-Geral do Munic\u00edpio do Rio de Janeiro, posi\u00e7\u00e3o na qual assumiu in\u00fameros desafios, entre estes como:<\/p>\n<ul style=\"font-size: 20px;\">\n<li>Membro da Comiss\u00e3o de Qualifica\u00e7\u00e3o das Organiza\u00e7\u00f5es Sociais no \u00e2mbito do Munic\u00edpio do Rio de Janeiro\u2013 COQUALI;<\/li>\n<li>Procurador-Assessor do Gabinete do Prefeito;<\/li>\n<li>Procurador-Assessor do Procurador-Geral;<\/li>\n<li>Membro do Conselho de Administra\u00e7\u00e3o da CDURP &#8211; Companhia de Desenvolvimento Urbano da Regi\u00e3o do Porto do Rio de Janeiro;<\/li>\n<li>Membro do Conselho Fiscal da Associa\u00e7\u00e3o Nacional dos Procuradores Municipais \u2013 ANPM;<\/li>\n<li>Presidente da Comiss\u00e3o T\u00e9cnica para avalia\u00e7\u00e3o de propostas para contrata\u00e7\u00e3o de Servi\u00e7os de Advocacia contenciosa, civil e trabalhista, para as Empresas P\u00fablicas e Sociedades de Economia Mista do Munic\u00edpio do Rio de Janeiro, e;<\/li>\n<li>Procurador-Coordenador &#8211; Assessoria Jur\u00eddica das Secretarias Municipais de Sa\u00fade e de Habita\u00e7\u00e3o.<\/li>\n<\/ul>\n<p style=\"text-align: left; font-size: 20px; line-height: 30px;\">Graduado em Direito pela Faculdade Brasileira de Ci\u00eancias Jur\u00eddicas, com P\u00f3s Gradua\u00e7\u00e3o em Direito do Estado pela Universidade do Estado do Rio de Janeiro &#8211; UERJ e especializa\u00e7\u00e3o em Licita\u00e7\u00f5es e Contratos Administrativos pelo IBMEC, possui ainda treinamento em Normas de Licita\u00e7\u00f5es Internacionais e Aquisi\u00e7\u00f5es para Projetos Financiados pelo Banco Mundial \u2013 BIRD.<\/p>\n<p style=\"text-align: left; font-size: 20px; line-height: 30px;\">Contudo a posi\u00e7\u00e3o atualmente ocupada pelo Dr. Felipe Taveira n\u00e3o o impede de exercer as atividades que ir\u00e1 executar na Vivacqua Advogados, pois somente se encontra impedido de advogar contra o Munic\u00edpio do Rio de Janeiro nos termos da legisla\u00e7\u00e3o vigente.<\/p>\n<p style=\"text-align: left; font-size: 20px; line-height: 30px;\">Desejamos ao Dr. Felipe Taveira muita sorte com a certeza de que como de praxe continuar\u00e1 desempenhando as fun\u00e7\u00f5es com a dilig\u00eancia e presteza que lhe \u00e9 peculiar.<\/p>\n<\/div><div class=\"fusion-clearfix\"><\/div><\/div><\/div><\/div><\/div>\n","protected":false},"excerpt":{"rendered":"","protected":false},"author":1,"featured_media":0,"comment_status":"open","ping_status":"open","sticky":false,"template":"","format":"standard","meta":{"footnotes":""},"categories":[2],"tags":[],"class_list":["post-4369","post","type-post","status-publish","format-standard","hentry","category-publicaciones_es"],"_links":{"self":[{"href":"https:\/\/www.vivacquaadvogados.com\/es\/wp-json\/wp\/v2\/posts\/4369\/"}],"collection":[{"href":"https:\/\/www.vivacquaadvogados.com\/es\/wp-json\/wp\/v2\/posts\/"}],"about":[{"href":"https:\/\/www.vivacquaadvogados.com\/es\/wp-json\/wp\/v2\/types\/post\/"}],"author":[{"embeddable":true,"href":"https:\/\/www.vivacquaadvogados.com\/es\/wp-json\/wp\/v2\/users\/1\/"}],"replies":[{"embeddable":true,"href":"https:\/\/www.vivacquaadvogados.com\/es\/wp-json\/wp\/v2\/comments\/?post=4369"}],"version-history":[{"count":1,"href":"https:\/\/www.vivacquaadvogados.com\/es\/wp-json\/wp\/v2\/posts\/4369\/revisions\/"}],"predecessor-version":[{"id":4370,"href":"https:\/\/www.vivacquaadvogados.com\/es\/wp-json\/wp\/v2\/posts\/4369\/revisions\/4370\/"}],"wp:attachment":[{"href":"https:\/\/www.vivacquaadvogados.com\/es\/wp-json\/wp\/v2\/media\/?parent=4369"}],"wp:term":[{"taxonomy":"category","embeddable":true,"href":"https:\/\/www.vivacquaadvogados.com\/es\/wp-json\/wp\/v2\/categories\/?post=4369"},{"taxonomy":"post_tag","embeddable":true,"href":"https:\/\/www.vivacquaadvogados.com\/es\/wp-json\/wp\/v2\/tags\/?post=4369"}],"curies":[{"name":"wp","href":"https:\/\/api.w.org\/{rel}","templated":true}]}}