{"id":4379,"date":"2018-06-07T08:38:04","date_gmt":"2018-06-07T11:38:04","guid":{"rendered":"http:\/\/www.vivacquaadvogados.com\/e-social-processos-judiciais-e-administrativos-necessidade-de-informar\/"},"modified":"2018-06-07T08:38:05","modified_gmt":"2018-06-07T11:38:05","slug":"e-social-processos-judiciais-e-administrativos-necessidade-de-informar","status":"publish","type":"post","link":"https:\/\/www.vivacquaadvogados.com\/es\/e-social-processos-judiciais-e-administrativos-necessidade-de-informar\/","title":{"rendered":"E-SOCIAL &#8211; PROCESSOS JUDICIAIS E ADMINISTRATIVOS &#8211; NECESSIDADE DE INFORMAR"},"content":{"rendered":"<div class=\"fusion-fullwidth fullwidth-box fusion-builder-row-1 nonhundred-percent-fullwidth non-hundred-percent-height-scrolling gradient-container-1\" style=\"--awb-border-radius-top-left:0px;--awb-border-radius-top-right:0px;--awb-border-radius-bottom-right:0px;--awb-border-radius-bottom-left:0px;--awb-margin-top:0px;--awb-margin-bottom:0px;--awb-flex-wrap:wrap;\" ><div class=\"fusion-builder-row fusion-row\"><div class=\"fusion-layout-column fusion_builder_column fusion-builder-column-0 fusion_builder_column_1_1 1_1 fusion-one-full fusion-column-first fusion-column-last\" style=\"--awb-bg-size:cover;--awb-margin-bottom:0px;\"><div class=\"fusion-column-wrapper fusion-flex-column-wrapper-legacy\"><div class=\"fusion-text fusion-text-1\"><p style=\"text-align: left; font-size: 20px; line-height: 30px;\">\u00c9 de suma import\u00e2ncia que os contribuintes venham a preencher adequadamente suas obriga\u00e7\u00f5es acess\u00f3rias, principalmente o e-Social, o qual integra o Sistema P\u00fablico de Escritura\u00e7\u00e3o Fiscal Digital &#8211; SPED, que contempla as obriga\u00e7\u00f5es fiscais, previdenci\u00e1rias e trabalhistas, sob o risco de sofrer penalidades.<\/p>\n<p style=\"text-align: left; font-size: 20px; line-height: 30px;\">A aten\u00e7\u00e3o no preenchimento destas informa\u00e7\u00f5es se deve ao fato de que elas impactam tanto na apura\u00e7\u00e3o e recolhimento das Contribui\u00e7\u00f5es Previdenci\u00e1rias, e de Terceiros, como tamb\u00e9m do Imposto de Renda Retido na Fonte &#8211; IRRF dos trabalhadores e do FGTS dentre outros.<\/p>\n<p style=\"text-align: left; font-size: 20px; line-height: 30px;\">Desta forma devem ser considerados quando de seu preenchimento a exist\u00eancia de consultas ao Fisco e de processos em que existam decis\u00f5es judiciais que determinem a suspens\u00e3o da exigibilidade de tributos apurados no e-Social ou decis\u00f5es judiciais concedidas a empregados\/trabalhadores que afetem o recolhimento das contribui\u00e7\u00f5es descontadas na folha de pagamento. Quanto as informa\u00e7\u00f5es atinentes aos processos judiciais importante atentar \u00e0 fase em que se encontra o processo, pois existem c\u00f3digos espec\u00edficos para cada fase processual.<\/p>\n<p style=\"text-align: left; font-size: 20px; line-height: 30px;\">Merecem igual aten\u00e7\u00e3o outras obriga\u00e7\u00f5es acess\u00f3rias que exigem que o contribuinte comunique a exist\u00eancia de discuss\u00f5es judiciais e administrativas, como ECF, EFD-Contribui\u00e7\u00f5es e EFD-Reinf.<\/p>\n<\/div><div class=\"fusion-clearfix\"><\/div><\/div><\/div><\/div><\/div>\n","protected":false},"excerpt":{"rendered":"","protected":false},"author":1,"featured_media":0,"comment_status":"open","ping_status":"open","sticky":false,"template":"","format":"standard","meta":{"footnotes":""},"categories":[2],"tags":[],"class_list":["post-4379","post","type-post","status-publish","format-standard","hentry","category-publicaciones_es"],"_links":{"self":[{"href":"https:\/\/www.vivacquaadvogados.com\/es\/wp-json\/wp\/v2\/posts\/4379\/"}],"collection":[{"href":"https:\/\/www.vivacquaadvogados.com\/es\/wp-json\/wp\/v2\/posts\/"}],"about":[{"href":"https:\/\/www.vivacquaadvogados.com\/es\/wp-json\/wp\/v2\/types\/post\/"}],"author":[{"embeddable":true,"href":"https:\/\/www.vivacquaadvogados.com\/es\/wp-json\/wp\/v2\/users\/1\/"}],"replies":[{"embeddable":true,"href":"https:\/\/www.vivacquaadvogados.com\/es\/wp-json\/wp\/v2\/comments\/?post=4379"}],"version-history":[{"count":1,"href":"https:\/\/www.vivacquaadvogados.com\/es\/wp-json\/wp\/v2\/posts\/4379\/revisions\/"}],"predecessor-version":[{"id":4380,"href":"https:\/\/www.vivacquaadvogados.com\/es\/wp-json\/wp\/v2\/posts\/4379\/revisions\/4380\/"}],"wp:attachment":[{"href":"https:\/\/www.vivacquaadvogados.com\/es\/wp-json\/wp\/v2\/media\/?parent=4379"}],"wp:term":[{"taxonomy":"category","embeddable":true,"href":"https:\/\/www.vivacquaadvogados.com\/es\/wp-json\/wp\/v2\/categories\/?post=4379"},{"taxonomy":"post_tag","embeddable":true,"href":"https:\/\/www.vivacquaadvogados.com\/es\/wp-json\/wp\/v2\/tags\/?post=4379"}],"curies":[{"name":"wp","href":"https:\/\/api.w.org\/{rel}","templated":true}]}}