{"id":4386,"date":"2018-06-07T08:40:28","date_gmt":"2018-06-07T11:40:28","guid":{"rendered":"http:\/\/www.vivacquaadvogados.com\/pgfn-portaria-no-33-18-bens-de-devedores-da-uniao-bloqueio-administrativo-regulamentacao\/"},"modified":"2018-06-07T08:40:28","modified_gmt":"2018-06-07T11:40:28","slug":"pgfn-portaria-no-33-18-bens-de-devedores-da-uniao-bloqueio-administrativo-regulamentacao","status":"publish","type":"post","link":"https:\/\/www.vivacquaadvogados.com\/es\/pgfn-portaria-no-33-18-bens-de-devedores-da-uniao-bloqueio-administrativo-regulamentacao\/","title":{"rendered":"PGFN &#8211; PORTARIA N\u00ba 33\/18 &#8211; BENS DE DEVEDORES DA UNI\u00c3O &#8211; BLOQUEIO ADMINISTRATIVO &#8211; REGULAMENTA\u00c7\u00c3O"},"content":{"rendered":"<p style=\"margin: 0cm 0cm 0pt; text-align: justify; line-height: normal;\"><span style=\"font-family: arial black,avant garde; font-size: 14pt;\"><strong><span style=\"color: #006633;\">PGFN &#8211; PORTARIA N\u00ba 33\/18 &#8211; BENS DE DEVEDORES DA UNI\u00c3O &#8211; BLOQUEIO ADMINISTRATIVO &#8211; REGULAMENTA\u00c7\u00c3O<\/span><\/strong><\/span><\/p>\n<p style=\"margin: 0cm 0cm 0pt; line-height: normal;\"><strong><span style=\"color: #006633; font-family: 'Calibri','sans-serif'; font-size: 14.5pt;\">&nbsp;<\/span><\/strong><\/p>\n<p style=\"margin: 0cm 0cm 0pt; text-align: justify; line-height: normal;\"><span style=\"font-family: arial,helvetica,sans-serif; font-size: 12pt;\"><span size=\"3\">Mesmo j\u00e1 existindo A\u00e7\u00f5es Diretas de Inconstitucionalidade ajuizadas perante o Supremo Tribunal Federal &#8211; STF, a Procuradoria Geral da Fazenda Nacional &#8211; PGFN pela referida portaria regulamentou a possibilidade de bloqueio administrativo de bens de devedores da Uni\u00e3o, mesmo antes do ajuizamento da Execu\u00e7\u00e3o Fiscal, tal <!--more--> procedimento denominado \u201caverba\u00e7\u00e3o pr\u00e9-execut\u00f3ria\u201d poder\u00e1 ser aplicado a partir de 10\/06\/18, \u00e0s inscri\u00e7\u00f5es que n\u00e3o forem objeto de pagamento, parcelamento, garantia ou pedido de revis\u00e3o, nosrespectivos prazos.<\/span><\/span><\/p>\n<p style=\"margin: 0cm 0cm 0pt; text-align: justify; line-height: normal;\"><span style=\"font-family: arial,helvetica,sans-serif; font-size: 12pt;\"><span size=\"3\">&nbsp;<\/span><\/span><\/p>\n<p style=\"margin: 0cm 0cm 0pt; text-align: justify; line-height: normal;\"><span style=\"font-family: arial,helvetica,sans-serif; font-size: 12pt;\"><span size=\"3\">Este procedimento ser\u00e1 aplicado aos bens e direitos sujeitos a registro p\u00fablico das pessoas f\u00edsicas e jur\u00eddicas at\u00e9 o valor dos d\u00e9bitos inscritos em d\u00edvida ativa, mesmo que estes n\u00e3o estejam declarados ou escriturados na contabilidade do devedor. A averba\u00e7\u00e3o pr\u00e9-execut\u00f3ria seguir\u00e1 ordinariamente a seguinte a seguinte ordem de prioridade.<\/span><\/span><\/p>\n<p style=\"margin: 0cm 0cm 0pt; text-align: justify; line-height: normal;\"><span style=\"font-family: arial,helvetica,sans-serif; font-size: 12pt;\"><span size=\"3\">&nbsp;<\/span><\/span><\/p>\n<ul style=\"text-align: justify; list-style-type: disc; direction: ltr;\">\n<li style=\"color: #000000; font-style: normal; font-weight: bold;\">\n<p style=\"text-align: justify; color: #000000; line-height: normal; font-style: normal; font-weight: normal; margin-top: 0cm; margin-bottom: 0pt;\"><span style=\"font-family: arial,helvetica,sans-serif; font-size: 12pt;\">&nbsp;&#8211; bens im\u00f3veis n\u00e3o gravados;<\/span><\/p>\n<\/li>\n<li style=\"color: #000000; font-family: 'Arial','sans-serif'; font-size: 11pt; font-style: normal; font-weight: bold;\">\n<p style=\"text-align: justify; color: #000000; line-height: normal; font-family: 'Calibri','sans-serif'; font-size: 11pt; font-style: normal; font-weight: normal; margin-top: 0cm; margin-bottom: 0pt;\"><span style=\"font-family: arial,helvetica,sans-serif; font-size: 12pt;\">&nbsp;&#8211; bens im\u00f3veis gravados; e<\/span><\/p>\n<\/li>\n<li style=\"color: #000000; font-family: 'Arial','sans-serif'; font-size: 11pt; font-style: normal; font-weight: bold;\">\n<p style=\"text-align: justify; color: #000000; line-height: normal; font-family: 'Calibri','sans-serif'; font-size: 11pt; font-style: normal; font-weight: normal; margin-top: 0cm; margin-bottom: 0pt;\"><span style=\"font-family: arial,helvetica,sans-serif; font-size: 12pt;\">&nbsp;&#8211; demais bens e direitos pass\u00edveis de registro. <\/span><\/p>\n<\/li>\n<\/ul>\n<p style=\"margin: 0cm 0cm 0pt; text-align: justify; line-height: normal;\"><span style=\"font-family: arial,helvetica,sans-serif; font-size: 12pt;\"><span size=\"3\">&nbsp;<\/span><\/span><\/p>\n<p style=\"margin: 0cm 0cm 0pt; text-align: justify; line-height: normal;\"><span style=\"font-family: arial,helvetica,sans-serif; font-size: 12pt;\"><span size=\"3\">Ap\u00f3s a realiza\u00e7\u00e3o da averba\u00e7\u00e3o pr\u00e9-execut\u00f3ria o contribuinte ou qualquer terceiro interessado poder\u00e1 apresentar impugna\u00e7\u00e3o pelo e-CAC da PGFN nos 10 (dez) dias posteriores ao recebimento notifica\u00e7\u00e3o.<\/span><\/span><\/p>\n<p style=\"margin: 0cm 0cm 0pt; text-align: justify; line-height: normal;\"><span style=\"font-family: arial,helvetica,sans-serif; font-size: 12pt;\"><span size=\"3\">&nbsp;<\/span><\/span><\/p>\n<p style=\"text-align: justify;\"><span style=\"font-family: arial,helvetica,sans-serif; font-size: 12pt;\"><span size=\"3\" face=\"Times New Roman\"> <\/span><span style=\"line-height: 115%;\">A n\u00e3o apresenta\u00e7\u00e3o ou rejei\u00e7\u00e3o da impugna\u00e7\u00e3o \u00e0 averba\u00e7\u00e3o ensejar\u00e1 o ajuizamento da respectiva Execu\u00e7\u00e3o Fiscal nos 30 (trinta) dias seguintes ao exaurimento dos prazos, conforme cada caso, hip\u00f3tese em que os bens e direitos submetidos \u00e0 averba\u00e7\u00e3o pr\u00e9-execut\u00f3ria ser\u00e3o indicados \u00e0 penhora.<\/span><\/span><\/p>\n","protected":false},"excerpt":{"rendered":"<p>PGFN &#8211; PORTARIA N\u00ba 33\/18 &#8211; BENS DE DEVEDORES DA  [&#8230;]<\/p>\n","protected":false},"author":1,"featured_media":0,"comment_status":"open","ping_status":"open","sticky":false,"template":"","format":"standard","meta":{"footnotes":""},"categories":[2],"tags":[],"class_list":["post-4386","post","type-post","status-publish","format-standard","hentry","category-publicaciones_es"],"_links":{"self":[{"href":"https:\/\/www.vivacquaadvogados.com\/es\/wp-json\/wp\/v2\/posts\/4386\/"}],"collection":[{"href":"https:\/\/www.vivacquaadvogados.com\/es\/wp-json\/wp\/v2\/posts\/"}],"about":[{"href":"https:\/\/www.vivacquaadvogados.com\/es\/wp-json\/wp\/v2\/types\/post\/"}],"author":[{"embeddable":true,"href":"https:\/\/www.vivacquaadvogados.com\/es\/wp-json\/wp\/v2\/users\/1\/"}],"replies":[{"embeddable":true,"href":"https:\/\/www.vivacquaadvogados.com\/es\/wp-json\/wp\/v2\/comments\/?post=4386"}],"version-history":[{"count":0,"href":"https:\/\/www.vivacquaadvogados.com\/es\/wp-json\/wp\/v2\/posts\/4386\/revisions\/"}],"wp:attachment":[{"href":"https:\/\/www.vivacquaadvogados.com\/es\/wp-json\/wp\/v2\/media\/?parent=4386"}],"wp:term":[{"taxonomy":"category","embeddable":true,"href":"https:\/\/www.vivacquaadvogados.com\/es\/wp-json\/wp\/v2\/categories\/?post=4386"},{"taxonomy":"post_tag","embeddable":true,"href":"https:\/\/www.vivacquaadvogados.com\/es\/wp-json\/wp\/v2\/tags\/?post=4386"}],"curies":[{"name":"wp","href":"https:\/\/api.w.org\/{rel}","templated":true}]}}