{"id":4621,"date":"2018-07-23T08:37:23","date_gmt":"2018-07-23T11:37:23","guid":{"rendered":"http:\/\/www.vivacquaadvogados.com\/receita-federal-pert-fiscalizacao-cancelamento-de-adesoes\/"},"modified":"2018-08-15T08:55:19","modified_gmt":"2018-08-15T11:55:19","slug":"receita-federal-pert-fiscalizacao-cancelamento-de-adesoes","status":"publish","type":"post","link":"https:\/\/www.vivacquaadvogados.com\/es\/receita-federal-pert-fiscalizacao-cancelamento-de-adesoes\/","title":{"rendered":"RECEITA FEDERAL &#8211; PERT &#8211; FISCALIZA\u00c7\u00c3O &#8211; CANCELAMENTO DE ADES\u00d5ES"},"content":{"rendered":"<div class=\"fusion-fullwidth fullwidth-box fusion-builder-row-1 nonhundred-percent-fullwidth non-hundred-percent-height-scrolling gradient-container-1\" style=\"--awb-border-radius-top-left:0px;--awb-border-radius-top-right:0px;--awb-border-radius-bottom-right:0px;--awb-border-radius-bottom-left:0px;--awb-margin-top:0px;--awb-margin-bottom:80px;--awb-flex-wrap:wrap;\" ><div class=\"fusion-builder-row fusion-row\"><div class=\"fusion-layout-column fusion_builder_column fusion-builder-column-0 fusion_builder_column_1_1 1_1 fusion-one-full fusion-column-first fusion-column-last\" style=\"--awb-bg-size:cover;--awb-margin-bottom:0px;\"><div class=\"fusion-column-wrapper fusion-flex-column-wrapper-legacy\"><div class=\"fusion-text fusion-text-1\"><p style=\"text-align: left; font-size: 20px; line-height: 30px;\">A Receita Federal, por meio de seu site, comunicou o cancelamento de ades\u00f5es ao Programa Especial de Regulariza\u00e7\u00e3o Tribut\u00e1ria &#8211; PERT de mais de 700 contribuintes por falta de pagamento, em montante superior a R$ 1 bilh\u00e3o e a cobran\u00e7a da regulariza\u00e7\u00e3o de mais de 4.000 contribuintes.<\/p>\n<p style=\"text-align: left; font-size: 20px; line-height: 30px;\">Para que o contribuinte possa usufruir das redu\u00e7\u00f5es de multas, juros e encargos legais institu\u00eddas pela Lei n\u00ba 13.496\/17 (que criou o PERT) \u00e9 necess\u00e1rio que mantenha em dia as suas obriga\u00e7\u00f5es tribut\u00e1rias correntes, pois a mesma lei instituiu que a ades\u00e3o ao PERT implica dever de pagar regularmente os d\u00e9bitos vencidos ap\u00f3s 30\/04\/17.<\/p>\n<p style=\"text-align: left; font-size: 20px; line-height: 30px;\">Al\u00e9m desses 4.000 contribuintes, est\u00e3o na mira da Receita mais 58.000 optantes pelo PERT, com obriga\u00e7\u00f5es correntes em aberto no valor de R$ 6,6 bilh\u00f5es, que ser\u00e3o alvo das pr\u00f3ximas etapas do trabalho de cobran\u00e7a e de cancelamento da Receita Federal, caso n\u00e3o se regularizem. A experi\u00eancia das cobran\u00e7as anteriores de optantes pelo PERT demonstra que aproximadamente metade dos contribuintes regularizam a sua situa\u00e7\u00e3o ap\u00f3s receber a cobran\u00e7a da Receita Federal.<\/p>\n<p style=\"text-align: left; font-size: 20px; line-height: 30px;\">Para usufruir dos benef\u00edcios institu\u00eddos pelo PERT \u00e9 fundamental que os optantes mantenham o pagamento das suas obriga\u00e7\u00f5es correntes em dia, pois a inadimpl\u00eancia por 3 (tr\u00eas) meses consecutivos ou 6 (seis) meses alternados implicar\u00e1 exclus\u00e3o do devedor do PERT.<\/p>\n<\/div><div class=\"fusion-clearfix\"><\/div><\/div><\/div><\/div><\/div>\n","protected":false},"excerpt":{"rendered":"","protected":false},"author":1,"featured_media":0,"comment_status":"open","ping_status":"open","sticky":false,"template":"","format":"standard","meta":{"footnotes":""},"categories":[2],"tags":[],"class_list":["post-4621","post","type-post","status-publish","format-standard","hentry","category-publicaciones_es"],"_links":{"self":[{"href":"https:\/\/www.vivacquaadvogados.com\/es\/wp-json\/wp\/v2\/posts\/4621\/"}],"collection":[{"href":"https:\/\/www.vivacquaadvogados.com\/es\/wp-json\/wp\/v2\/posts\/"}],"about":[{"href":"https:\/\/www.vivacquaadvogados.com\/es\/wp-json\/wp\/v2\/types\/post\/"}],"author":[{"embeddable":true,"href":"https:\/\/www.vivacquaadvogados.com\/es\/wp-json\/wp\/v2\/users\/1\/"}],"replies":[{"embeddable":true,"href":"https:\/\/www.vivacquaadvogados.com\/es\/wp-json\/wp\/v2\/comments\/?post=4621"}],"version-history":[{"count":1,"href":"https:\/\/www.vivacquaadvogados.com\/es\/wp-json\/wp\/v2\/posts\/4621\/revisions\/"}],"predecessor-version":[{"id":4622,"href":"https:\/\/www.vivacquaadvogados.com\/es\/wp-json\/wp\/v2\/posts\/4621\/revisions\/4622\/"}],"wp:attachment":[{"href":"https:\/\/www.vivacquaadvogados.com\/es\/wp-json\/wp\/v2\/media\/?parent=4621"}],"wp:term":[{"taxonomy":"category","embeddable":true,"href":"https:\/\/www.vivacquaadvogados.com\/es\/wp-json\/wp\/v2\/categories\/?post=4621"},{"taxonomy":"post_tag","embeddable":true,"href":"https:\/\/www.vivacquaadvogados.com\/es\/wp-json\/wp\/v2\/tags\/?post=4621"}],"curies":[{"name":"wp","href":"https:\/\/api.w.org\/{rel}","templated":true}]}}