{"id":4860,"date":"2018-09-05T08:26:34","date_gmt":"2018-09-05T11:26:34","guid":{"rendered":"http:\/\/www.vivacquaadvogados.com\/stf-atividade-fim-terceirizacao-possibilidade-adpf-324-e-re-958252\/"},"modified":"2018-09-18T08:27:06","modified_gmt":"2018-09-18T11:27:06","slug":"stf-atividade-fim-terceirizacao-possibilidade-adpf-324-e-re-958252","status":"publish","type":"post","link":"https:\/\/www.vivacquaadvogados.com\/es\/stf-atividade-fim-terceirizacao-possibilidade-adpf-324-e-re-958252\/","title":{"rendered":"STF &#8211; ATIVIDADE-FIM &#8211; TERCEIRIZA\u00c7\u00c3O &#8211; POSSIBILIDADE &#8211; ADPF 324 E RE 958252"},"content":{"rendered":"<div class=\"fusion-fullwidth fullwidth-box fusion-builder-row-1 nonhundred-percent-fullwidth non-hundred-percent-height-scrolling gradient-container-1\" style=\"--awb-border-radius-top-left:0px;--awb-border-radius-top-right:0px;--awb-border-radius-bottom-right:0px;--awb-border-radius-bottom-left:0px;--awb-margin-top:0px;--awb-margin-bottom:80px;--awb-flex-wrap:wrap;\" ><div class=\"fusion-builder-row fusion-row\"><div class=\"fusion-layout-column fusion_builder_column fusion-builder-column-0 fusion_builder_column_1_1 1_1 fusion-one-full fusion-column-first fusion-column-last\" style=\"--awb-bg-size:cover;--awb-margin-bottom:0px;\"><div class=\"fusion-column-wrapper fusion-flex-column-wrapper-legacy\"><div class=\"fusion-text fusion-text-1\"><p style=\"text-align: left; font-size: 20px; line-height: 30px;\">No final da semana passada o Supremo Tribunal Federal encerrou o julgamento da ADPF 324 e do RE 958252 que tem por objeto a possibilidade terceiriza\u00e7\u00e3o de atividade-fim.<\/p>\n<p style=\"text-align: left; font-size: 20px; line-height: 30px;\">Ficou decidido a regularidade dos contratos que tenham por objeto a contrata\u00e7\u00e3o de terceiros para a realiza\u00e7\u00e3o de quaisquer opera\u00e7\u00f5es vinculadas a produ\u00e7\u00e3o do tomador de servi\u00e7os mesmo antes in\u00edcio da vig\u00eancia da Lei 13.467\/17 (conhecida como \u201creforma trabalhista\u201d), ou seja 11\/11\/17.<\/p>\n<p style=\"text-align: left; font-size: 20px; line-height: 30px;\">Atento a realidade do pa\u00eds, ao votar pela proced\u00eancia da ADPF 324, o ministro Roberto Barroso ressaltou &#8220;Num momento em que h\u00e1 13 milh\u00f5es de desempregados e 37 milh\u00f5es de trabalhadores na informalidade, \u00e9 preciso considerar as op\u00e7\u00f5es dispon\u00edveis sem preconceitos ideol\u00f3gicos ou apego a dogmas\u201d.<\/p>\n<p style=\"text-align: left; font-size: 20px; line-height: 30px;\">J\u00e1 o ministro Luiz Fux deixou claro que as leis trabalhistas continuam a ser de observ\u00e2ncia obrigat\u00f3ria por todas as empresas da cadeia produtiva. \u201cN\u00e3o haver\u00e1 a m\u00ednima viola\u00e7\u00e3o a nenhum dos direitos consagrados constitucionalmente\u201d, e prop\u00f4s o seguinte texto por se tratar de tese de repercuss\u00e3o geral &#8220;\u00c9 l\u00edcita a terceiriza\u00e7\u00e3o ou qualquer outra forma de divis\u00e3o do trabalho em pessoas jur\u00eddicas distintas, independentemente do objeto social das empresas envolvidas, revelando-se inconstitucionais os incisos I, III, IV e VI da S\u00famula 331 do TST.&#8221;<\/p>\n<\/div><div class=\"fusion-clearfix\"><\/div><\/div><\/div><\/div><\/div>\n","protected":false},"excerpt":{"rendered":"","protected":false},"author":1,"featured_media":0,"comment_status":"open","ping_status":"open","sticky":false,"template":"","format":"standard","meta":{"footnotes":""},"categories":[2],"tags":[],"class_list":["post-4860","post","type-post","status-publish","format-standard","hentry","category-publicaciones_es"],"_links":{"self":[{"href":"https:\/\/www.vivacquaadvogados.com\/es\/wp-json\/wp\/v2\/posts\/4860\/"}],"collection":[{"href":"https:\/\/www.vivacquaadvogados.com\/es\/wp-json\/wp\/v2\/posts\/"}],"about":[{"href":"https:\/\/www.vivacquaadvogados.com\/es\/wp-json\/wp\/v2\/types\/post\/"}],"author":[{"embeddable":true,"href":"https:\/\/www.vivacquaadvogados.com\/es\/wp-json\/wp\/v2\/users\/1\/"}],"replies":[{"embeddable":true,"href":"https:\/\/www.vivacquaadvogados.com\/es\/wp-json\/wp\/v2\/comments\/?post=4860"}],"version-history":[{"count":1,"href":"https:\/\/www.vivacquaadvogados.com\/es\/wp-json\/wp\/v2\/posts\/4860\/revisions\/"}],"predecessor-version":[{"id":4861,"href":"https:\/\/www.vivacquaadvogados.com\/es\/wp-json\/wp\/v2\/posts\/4860\/revisions\/4861\/"}],"wp:attachment":[{"href":"https:\/\/www.vivacquaadvogados.com\/es\/wp-json\/wp\/v2\/media\/?parent=4860"}],"wp:term":[{"taxonomy":"category","embeddable":true,"href":"https:\/\/www.vivacquaadvogados.com\/es\/wp-json\/wp\/v2\/categories\/?post=4860"},{"taxonomy":"post_tag","embeddable":true,"href":"https:\/\/www.vivacquaadvogados.com\/es\/wp-json\/wp\/v2\/tags\/?post=4860"}],"curies":[{"name":"wp","href":"https:\/\/api.w.org\/{rel}","templated":true}]}}