{"id":4864,"date":"2018-09-10T08:32:14","date_gmt":"2018-09-10T11:32:14","guid":{"rendered":"http:\/\/www.vivacquaadvogados.com\/stj-icms-nao-recolhimento-crime-caracterizacao-hc-399109-sc\/"},"modified":"2018-09-18T08:36:00","modified_gmt":"2018-09-18T11:36:00","slug":"carf-21-novas-sumulas-aprovacao","status":"publish","type":"post","link":"https:\/\/www.vivacquaadvogados.com\/es\/carf-21-novas-sumulas-aprovacao\/","title":{"rendered":"CARF &#8211; 21 NOVAS S\u00daMULAS &#8211; APROVA\u00c7\u00c3O"},"content":{"rendered":"<div class=\"fusion-fullwidth fullwidth-box fusion-builder-row-1 nonhundred-percent-fullwidth non-hundred-percent-height-scrolling gradient-container-1\" style=\"--awb-border-radius-top-left:0px;--awb-border-radius-top-right:0px;--awb-border-radius-bottom-right:0px;--awb-border-radius-bottom-left:0px;--awb-margin-top:0px;--awb-margin-bottom:80px;--awb-flex-wrap:wrap;\" ><div class=\"fusion-builder-row fusion-row\"><div class=\"fusion-layout-column fusion_builder_column fusion-builder-column-0 fusion_builder_column_1_1 1_1 fusion-one-full fusion-column-first fusion-column-last\" style=\"--awb-bg-size:cover;--awb-margin-bottom:0px;\"><div class=\"fusion-column-wrapper fusion-flex-column-wrapper-legacy\"><div class=\"fusion-text fusion-text-1\"><p style=\"text-align: left; font-size: 20px; line-height: 30px;\">Visando a celeridade da m\u00e1quina estatal em 03\/09\/18 foi realizada sess\u00e3o extraordin\u00e1ria, do Pleno e das Turmas da C\u00e2mara Superior de Recursos Fiscais do Conselho Administrativo de Recursos Fiscais &#8211; CARF, em que foram aprovados 21 novos enunciados, revisadas 9 s\u00famulas existentes, e cancelada a S\u00famula CARF n\u00ba 98.<\/p>\n<p style=\"text-align: left; font-size: 20px; line-height: 30px;\">Estas manifesta\u00e7\u00f5es s\u00e3o de observ\u00e2ncia obrigat\u00f3ria pelos membros dos colegiados do \u00d3rg\u00e3o e encurtam a tramita\u00e7\u00e3o de diversos processos administrativos.<\/p>\n<p style=\"text-align: left; font-size: 20px; line-height: 30px;\">Com estas novas manifesta\u00e7\u00f5es o CARF passar\u00e1 a contar com 126 s\u00famulas, das quais 75 possuem efeito vinculante para toda a Administra\u00e7\u00e3o Tribut\u00e1ria por terem sido aprovadas por ato do Ministro da Fazenda.<\/p>\n<p style=\"text-align: left; font-size: 20px; line-height: 30px;\">Disp\u00f5es as novas s\u00famulas:<\/p>\n<p style=\"text-align: left; font-size: 20px; line-height: 30px;\">\u00b7 S\u00famula CARF 108: Incidem juros morat\u00f3rias, calculados \u00e0 taxa referencial do Sistema Especial de Liquida\u00e7\u00e3o e Cust\u00f3dia \u2013 SELIC, sobre o valor correspondente \u00e0 multa de of\u00edcio.<\/p>\n<p style=\"text-align: left; font-size: 20px; line-height: 30px;\">\u00b7 S\u00famula CARF 109: O \u00f3rg\u00e3o julgador administrativo n\u00e3o \u00e9 competente para se pronunciar sobre controv\u00e9rsias referentes a arrolamento de bens.<\/p>\n<p style=\"text-align: left; font-size: 20px; line-height: 30px;\">\u00b7 S\u00famula CARF 110: No processo administrativo fiscal, \u00e9 incab\u00edvel a intima\u00e7\u00e3o dirigida ao endere\u00e7o de advogado do sujeito passivo.<\/p>\n<p style=\"text-align: left; font-size: 20px; line-height: 30px;\">\u00b7 S\u00famula CARF 111: O mandado de procedimento fiscal supre a autoriza\u00e7\u00e3o, prevista no artigo 906 do Decreto n. 3.000, de 1999, para reexame de per\u00edodo anteriormente fiscalizado.<\/p>\n<p style=\"text-align: left; font-size: 20px; line-height: 30px;\">\u00b7 S\u00famula CARF 112: \u00c9 nulo, por erro na identifica\u00e7\u00e3o do sujeito passivo, o lan\u00e7amento formalizado contra pessoa jur\u00eddica extinta por liquida\u00e7\u00e3o volunt\u00e1ria ocorrida e comunicada ao Fisco Federal antes da lavratura do auto de infra\u00e7\u00e3o.<\/p>\n<p style=\"text-align: left; font-size: 20px; line-height: 30px;\">\u00b7 S\u00famula CARF 113: A responsabilidade tribut\u00e1ria do sucessor abrange, al\u00e9m dos tributos devidos pelo sucedido, as multas morat\u00f3rias ou punitivas, desde que seu fato gerador tenha ocorrido at\u00e9 a data da sucess\u00e3o, independentemente de esse cr\u00e9dito ser formalizado, por meio de lan\u00e7amento de of\u00edcio, antes ou depois do evento sucess\u00f3rio.<\/p>\n<p style=\"text-align: left; font-size: 20px; line-height: 30px;\">\u00b7 S\u00famula CARF 114: O Imposto de Renda incidente na fonte sobre pagamento a benefici\u00e1rio n\u00e3o identificado, ou sem comprova\u00e7\u00e3o da opera\u00e7\u00e3o ou da causa, submete-se ao prazo decadencial previsto no art. 173, I, do CTN.<\/p>\n<p style=\"text-align: left; font-size: 20px; line-height: 30px;\">\u00b7 S\u00famula CARF 115: A sistem\u00e1tica de c\u00e1lculo do \u201cM\u00e9todo do Pre\u00e7o de Revenda menos Lucro com margem de lucro de sessenta por cento (PRL 60)\u201d prevista na Instru\u00e7\u00e3o Normativa SRF n\u00ba 243, de 2002, n\u00e3o afronta o disposto no art. 18, inciso II, da Lei n\u00ba 9.430, de 1996, com a reda\u00e7\u00e3o dada pela Lei n\u00ba 9.959, de 2000.<\/p>\n<p style=\"text-align: left; font-size: 20px; line-height: 30px;\">\u00b7 S\u00famula CARF 116: Para fins de contagem do prazo decadencial para a constitui\u00e7\u00e3o de cr\u00e9dito tribut\u00e1rio relativo a glosa de amortiza\u00e7\u00e3o de \u00e1gio na forma dos arts. 7\u00ba e 8\u00ba da Lei n\u00ba 9.532, de 1997, deve-se levar em conta o per\u00edodo de sua repercuss\u00e3o na apura\u00e7\u00e3o do tributo em cobran\u00e7a.<\/p>\n<p style=\"text-align: left; font-size: 20px; line-height: 30px;\">\u00b7 S\u00famula CARF 117: A indedutibilidade de despesas com \u201croyalties\u201d prevista no art. 71, par\u00e1grafo \u00fanico, al\u00ednea \u201cd\u201d, da Lei n\u00ba 4.506, de 1964, n\u00e3o \u00e9 aplic\u00e1vel \u00e0 apura\u00e7\u00e3o da CSLL.<\/p>\n<p style=\"text-align: left; font-size: 20px; line-height: 30px;\">\u00b7 S\u00famula CARF 118: Caracteriza ganho tribut\u00e1vel por pessoa jur\u00eddica domiciliada no pa\u00eds a diferen\u00e7a positiva entre o valor das a\u00e7\u00f5es ou quotas de capital recebidas em raz\u00e3o da transfer\u00eancia do patrim\u00f4nio de entidade sem fins lucrativos para entidade empresarial e o valor despendido na aquisi\u00e7\u00e3o de t\u00edtulo patrimonial.<\/p>\n<p style=\"text-align: left; font-size: 20px; line-height: 30px;\">\u00b7 S\u00famula CARF 119: No caso de multas por descumprimento de obriga\u00e7\u00e3o principal e por descumprimento de obriga\u00e7\u00e3o acess\u00f3ria pela falta de declara\u00e7\u00e3o em GFIP, associadas e exigidas em lan\u00e7amentos de of\u00edcio referentes a fatos geradores anteriores \u00e0 vig\u00eancia da Medida Provis\u00f3ria n\u00b0 449, de 2008, convertida na Lei n\u00b0 11.941, de 2009, a retroatividade benigna deve ser aferida mediante a compara\u00e7\u00e3o entre a soma das penalidades pelo descumprimento das obriga\u00e7\u00f5es principal e acess\u00f3ria, aplic\u00e1veis \u00e0 \u00e9poca dos fatos geradores, com a multa de of\u00edcio de 75%, prevista no art. 44 da Lei n\u00b0 9.430, de 1996.<\/p>\n<p style=\"text-align: left; font-size: 20px; line-height: 30px;\">\u00b7 S\u00famula CARF 120: N\u00e3o \u00e9 v\u00e1lida a intima\u00e7\u00e3o para comprovar a origem de dep\u00f3sitos banc\u00e1rios em cumprimento ao art. 42 da Lei n\u00b0 9.430, de 1996, quando dirigida ao esp\u00f3lio, relativamente aos fatos geradores ocorridos antes do falecimento do titular da conta banc\u00e1ria.<\/p>\n<p style=\"text-align: left; font-size: 20px; line-height: 30px;\">\u00b7 S\u00famula CARF 121: A isen\u00e7\u00e3o do imposto de renda prevista no art. 6\u00b0, inciso XIV, da Lei n\u00b0 7.713, de 1988, referente \u00e0 cegueira, inclui a cegueira monocular.<\/p>\n<p style=\"text-align: left; font-size: 20px; line-height: 30px;\">\u00b7 S\u00famula CARF 122: A averba\u00e7\u00e3o da \u00c1rea de Reserva Legal (ARL) na matr\u00edcula do im\u00f3vel em data anterior ao fato gerador supre a eventual falta de apresenta\u00e7\u00e3o do Ato Declarat\u00f3rio Ambiental (ADA).<\/p>\n<p style=\"text-align: left; font-size: 20px; line-height: 30px;\">\u00b7 S\u00famula CARF 123: Imposto de renda retido na fonte relativo a rendimentos sujeitos a ajuste anual caracteriza pagamento apto a atrair a aplica\u00e7\u00e3o da regra decadencial prevista no art. 150, par\u00e1grafo 4\u00b0, do C\u00f3digo Tribut\u00e1rio Nacional.<\/p>\n<p style=\"text-align: left; font-size: 20px; line-height: 30px;\">\u00b7 S\u00famula CARF 124: A produ\u00e7\u00e3o e a exporta\u00e7\u00e3o de produtos classificados na Tabela de Incid\u00eancia do IPI (TIPI) como \u201cn\u00e3o-tributados\u201d n\u00e3o geram direito ao cr\u00e9dito presumido de IPI de que trata o art. 1\u00b0 da Lei n\u00b0 9.363, de 1996.<\/p>\n<p style=\"text-align: left; font-size: 20px; line-height: 30px;\">\u00b7 S\u00famula CARF 125: No ressarcimento da COFINS e da Contribui\u00e7\u00e3o para o PIS n\u00e3o cumulativas n\u00e3o incide corre\u00e7\u00e3o monet\u00e1ria ou juros, nos termos dos artigos 13 e 15, VI, da Lei n\u00b0 10.833, de 2003.<\/p>\n<p style=\"text-align: left; font-size: 20px; line-height: 30px;\">\u00b7 S\u00famula CARF 126: A den\u00fancia espont\u00e2nea n\u00e3o alcan\u00e7a as penalidades infligidas pelo descumprimento dos deveres instrumentais decorrentes da inobserv\u00e2ncia dos prazos fixados pela Secretaria da Receita Federal do Brasil para presta\u00e7\u00e3o de informa\u00e7\u00f5es \u00e0 administra\u00e7\u00e3o aduaneira, mesmo ap\u00f3s o advento da nova reda\u00e7\u00e3o do art. 102 do Decreto-Lei n\u00b0 37, de 1966, dada pelo art. 40 da Lei n\u00b0 12.350, de 2010.<\/p>\n<p style=\"text-align: left; font-size: 20px; line-height: 30px;\">\u00b7 S\u00famula CARF 127: A incid\u00eancia da Contribui\u00e7\u00e3o de Interven\u00e7\u00e3o no Dom\u00ednio Econ\u00f4mico (CIDE) na contrata\u00e7\u00e3o de servi\u00e7os t\u00e9cnicos prestados por residentes ou domiciliados no exterior prescinde na ocorr\u00eancia de transfer\u00eancia de tecnologia.<\/p>\n<p style=\"text-align: left; font-size: 20px; line-height: 30px;\">\u00b7 S\u00famula CARF 128: No c\u00e1lculo do cr\u00e9dito presumido de IPI, de que tratam a Lei n\u00b0 9.363, de 1996 e a Portaria MF n\u00b0 38, de 1997, as receitas de exporta\u00e7\u00e3o de produtos n\u00e3o industrializados pelo contribuinte incluem-se na composi\u00e7\u00e3o tanto da Receita de Exporta\u00e7\u00e3o \u2013 RE, quanto da Receita Operacional Bruta \u2013 ROB, refletindo nos dois lados do coeficiente de exporta\u00e7\u00e3o \u2013 numerador e denominador.<\/p>\n<\/div><div class=\"fusion-clearfix\"><\/div><\/div><\/div><\/div><\/div>\n","protected":false},"excerpt":{"rendered":"","protected":false},"author":1,"featured_media":0,"comment_status":"open","ping_status":"open","sticky":false,"template":"","format":"standard","meta":{"footnotes":""},"categories":[2],"tags":[],"class_list":["post-4864","post","type-post","status-publish","format-standard","hentry","category-publicaciones_es"],"_links":{"self":[{"href":"https:\/\/www.vivacquaadvogados.com\/es\/wp-json\/wp\/v2\/posts\/4864\/"}],"collection":[{"href":"https:\/\/www.vivacquaadvogados.com\/es\/wp-json\/wp\/v2\/posts\/"}],"about":[{"href":"https:\/\/www.vivacquaadvogados.com\/es\/wp-json\/wp\/v2\/types\/post\/"}],"author":[{"embeddable":true,"href":"https:\/\/www.vivacquaadvogados.com\/es\/wp-json\/wp\/v2\/users\/1\/"}],"replies":[{"embeddable":true,"href":"https:\/\/www.vivacquaadvogados.com\/es\/wp-json\/wp\/v2\/comments\/?post=4864"}],"version-history":[{"count":3,"href":"https:\/\/www.vivacquaadvogados.com\/es\/wp-json\/wp\/v2\/posts\/4864\/revisions\/"}],"predecessor-version":[{"id":4868,"href":"https:\/\/www.vivacquaadvogados.com\/es\/wp-json\/wp\/v2\/posts\/4864\/revisions\/4868\/"}],"wp:attachment":[{"href":"https:\/\/www.vivacquaadvogados.com\/es\/wp-json\/wp\/v2\/media\/?parent=4864"}],"wp:term":[{"taxonomy":"category","embeddable":true,"href":"https:\/\/www.vivacquaadvogados.com\/es\/wp-json\/wp\/v2\/categories\/?post=4864"},{"taxonomy":"post_tag","embeddable":true,"href":"https:\/\/www.vivacquaadvogados.com\/es\/wp-json\/wp\/v2\/tags\/?post=4864"}],"curies":[{"name":"wp","href":"https:\/\/api.w.org\/{rel}","templated":true}]}}