{"id":4871,"date":"2018-09-05T08:38:50","date_gmt":"2018-09-05T11:38:50","guid":{"rendered":"http:\/\/www.vivacquaadvogados.com\/stj-icms-nao-recolhimento-crime-caracterizacao-hc-399109-sc\/"},"modified":"2018-09-18T08:39:23","modified_gmt":"2018-09-18T11:39:23","slug":"stj-icms-nao-recolhimento-crime-caracterizacao-hc-399109-sc","status":"publish","type":"post","link":"https:\/\/www.vivacquaadvogados.com\/es\/stj-icms-nao-recolhimento-crime-caracterizacao-hc-399109-sc\/","title":{"rendered":"STJ &#8211; ICMS &#8211; N\u00c3O RECOLHIMENTO &#8211; CRIME CARACTERIZA\u00c7\u00c3O &#8211; HC 399109 SC"},"content":{"rendered":"<div class=\"fusion-fullwidth fullwidth-box fusion-builder-row-1 nonhundred-percent-fullwidth non-hundred-percent-height-scrolling gradient-container-1\" style=\"--awb-border-radius-top-left:0px;--awb-border-radius-top-right:0px;--awb-border-radius-bottom-right:0px;--awb-border-radius-bottom-left:0px;--awb-margin-top:0px;--awb-margin-bottom:80px;--awb-flex-wrap:wrap;\" ><div class=\"fusion-builder-row fusion-row\"><div class=\"fusion-layout-column fusion_builder_column fusion-builder-column-0 fusion_builder_column_1_1 1_1 fusion-one-full fusion-column-first fusion-column-last\" style=\"--awb-bg-size:cover;--awb-margin-bottom:0px;\"><div class=\"fusion-column-wrapper fusion-flex-column-wrapper-legacy\"><div class=\"fusion-text fusion-text-1\"><p style=\"text-align: left; font-size: 20px; line-height: 30px;\">A Terceira Se\u00e7\u00e3o, do Superior Tribunal de Justi\u00e7a, por decis\u00e3o publicada em 31\/08\/18 decidiu que o n\u00e3o repasse do ICMS aos cofres p\u00fablicos, configura-se o crime previsto no artigo 2\u00ba, inciso II, da Lei 8.137\/90, na hip\u00f3tese do agente se apropriar do valor referente ao tributo, mas para caracterizar o delito se deve considerar que:<\/p>\n<p style=\"text-align: left; font-size: 20px; line-height: 30px;\">\u00b7 n\u00e3o afasta a pr\u00e1tica do delito o fato de o agente registrar, apurar e declarar em guia pr\u00f3pria ou em livros fiscais o imposto devido;<\/p>\n<p style=\"text-align: left; font-size: 20px; line-height: 30px;\">\u00b7 para a configura\u00e7\u00e3o do delito, o seu autor deve ser o agente que ostenta a qualidade de sujeito passivo da obriga\u00e7\u00e3o tribut\u00e1ria. N\u00e3o qualquer sujeito passivo, mas t\u00e3o somente o que desconta ou cobra o tributo, e;<\/p>\n<p style=\"text-align: left; font-size: 20px; line-height: 30px;\">\u00b7 a conduta seja direcionada pelo dolo de se apropriar do tributo devido (requisito subjetivo geral) que deveria ser recolhido ao fisco, circunst\u00e2ncia est\u00e1 a ser extra\u00edda dos fatos inerentes a cada caso concreto.<\/p>\n<\/div><div class=\"fusion-clearfix\"><\/div><\/div><\/div><\/div><\/div>\n","protected":false},"excerpt":{"rendered":"","protected":false},"author":1,"featured_media":0,"comment_status":"open","ping_status":"open","sticky":false,"template":"","format":"standard","meta":{"footnotes":""},"categories":[2],"tags":[],"class_list":["post-4871","post","type-post","status-publish","format-standard","hentry","category-publicaciones_es"],"_links":{"self":[{"href":"https:\/\/www.vivacquaadvogados.com\/es\/wp-json\/wp\/v2\/posts\/4871\/"}],"collection":[{"href":"https:\/\/www.vivacquaadvogados.com\/es\/wp-json\/wp\/v2\/posts\/"}],"about":[{"href":"https:\/\/www.vivacquaadvogados.com\/es\/wp-json\/wp\/v2\/types\/post\/"}],"author":[{"embeddable":true,"href":"https:\/\/www.vivacquaadvogados.com\/es\/wp-json\/wp\/v2\/users\/1\/"}],"replies":[{"embeddable":true,"href":"https:\/\/www.vivacquaadvogados.com\/es\/wp-json\/wp\/v2\/comments\/?post=4871"}],"version-history":[{"count":1,"href":"https:\/\/www.vivacquaadvogados.com\/es\/wp-json\/wp\/v2\/posts\/4871\/revisions\/"}],"predecessor-version":[{"id":4872,"href":"https:\/\/www.vivacquaadvogados.com\/es\/wp-json\/wp\/v2\/posts\/4871\/revisions\/4872\/"}],"wp:attachment":[{"href":"https:\/\/www.vivacquaadvogados.com\/es\/wp-json\/wp\/v2\/media\/?parent=4871"}],"wp:term":[{"taxonomy":"category","embeddable":true,"href":"https:\/\/www.vivacquaadvogados.com\/es\/wp-json\/wp\/v2\/categories\/?post=4871"},{"taxonomy":"post_tag","embeddable":true,"href":"https:\/\/www.vivacquaadvogados.com\/es\/wp-json\/wp\/v2\/tags\/?post=4871"}],"curies":[{"name":"wp","href":"https:\/\/api.w.org\/{rel}","templated":true}]}}