{"id":5578,"date":"2019-01-22T10:00:27","date_gmt":"2019-01-22T12:00:27","guid":{"rendered":"http:\/\/www.vivacquaadvogados.com\/evento-oab-rj-comissao-de-licitacao-e-contratos-administrativos-celca-3\/"},"modified":"2019-07-02T10:01:20","modified_gmt":"2019-07-02T13:01:20","slug":"evento-oab-rj-comissao-de-licitacao-e-contratos-administrativos-celca-3","status":"publish","type":"post","link":"https:\/\/www.vivacquaadvogados.com\/es\/evento-oab-rj-comissao-de-licitacao-e-contratos-administrativos-celca-3\/","title":{"rendered":"EVENTO &#8211; OAB\/RJ &#8211; COMISS\u00c3O DE LICITA\u00c7\u00c3O E CONTRATOS ADMINISTRATIVOS &#8211; CELCA"},"content":{"rendered":"<div class=\"fusion-fullwidth fullwidth-box fusion-builder-row-1 nonhundred-percent-fullwidth non-hundred-percent-height-scrolling gradient-container-1\" style=\"--awb-border-radius-top-left:0px;--awb-border-radius-top-right:0px;--awb-border-radius-bottom-right:0px;--awb-border-radius-bottom-left:0px;--awb-margin-top:0px;--awb-margin-bottom:80px;--awb-flex-wrap:wrap;\" ><div class=\"fusion-builder-row fusion-row\"><div class=\"fusion-layout-column fusion_builder_column fusion-builder-column-0 fusion_builder_column_1_4 1_4 fusion-one-fourth fusion-column-first\" style=\"--awb-bg-size:cover;--awb-margin-bottom:0px;width:25%;width:calc(25% - ( ( 4% ) * 0.25 ) );margin-right: 4%;\"><div class=\"fusion-column-wrapper fusion-flex-column-wrapper-legacy\"><div class=\"fusion-image-element fusion-image-align-center in-legacy-container\" style=\"text-align:center;--awb-caption-title-font-family:var(--h2_typography-font-family);--awb-caption-title-font-weight:var(--h2_typography-font-weight);--awb-caption-title-font-style:var(--h2_typography-font-style);--awb-caption-title-size:var(--h2_typography-font-size);--awb-caption-title-transform:var(--h2_typography-text-transform);--awb-caption-title-line-height:var(--h2_typography-line-height);--awb-caption-title-letter-spacing:var(--h2_typography-letter-spacing);\"><div class=\"imageframe-align-center\"><span class=\" fusion-imageframe imageframe-none imageframe-1 hover-type-none\"><img decoding=\"async\" width=\"724\" height=\"1024\" title=\"pop_oab_img\" src=\"http:\/\/www.vivacquaadvogados.com\/wp-content\/uploads\/2019\/07\/pop_oab_img-724x1024.jpg\" alt class=\"img-responsive wp-image-5576\" srcset=\"https:\/\/www.vivacquaadvogados.com\/wp-content\/uploads\/2019\/07\/pop_oab_img-200x283.jpg 200w, https:\/\/www.vivacquaadvogados.com\/wp-content\/uploads\/2019\/07\/pop_oab_img-400x566.jpg 400w, https:\/\/www.vivacquaadvogados.com\/wp-content\/uploads\/2019\/07\/pop_oab_img-600x848.jpg 600w, https:\/\/www.vivacquaadvogados.com\/wp-content\/uploads\/2019\/07\/pop_oab_img-800x1131.jpg 800w, https:\/\/www.vivacquaadvogados.com\/wp-content\/uploads\/2019\/07\/pop_oab_img-1200x1697.jpg 1200w, https:\/\/www.vivacquaadvogados.com\/wp-content\/uploads\/2019\/07\/pop_oab_img.jpg 1754w\" sizes=\"(max-width: 800px) 100vw, 400px\" \/><\/span><\/div><\/div><div class=\"fusion-clearfix\"><\/div><\/div><\/div><div class=\"fusion-layout-column fusion_builder_column fusion-builder-column-1 fusion_builder_column_3_4 3_4 fusion-three-fourth fusion-column-last\" style=\"--awb-bg-size:cover;--awb-margin-bottom:0px;width:75%;width:calc(75% - ( ( 4% ) * 0.75 ) );\"><div class=\"fusion-column-wrapper fusion-flex-column-wrapper-legacy\"><div class=\"fusion-text fusion-text-1\"><p style=\"text-align: left; font-size: 20px; line-height: 30px;\">Comunicamos nossos colaboradores, clientes, amigos e colegas que a Dr.\u00aa. Paula Pincelli Tavares Vivacqua, na condi\u00e7\u00e3o de Presidente da CELCA est\u00e1 promovendo em parceria com o Observat\u00f3rio Social do Rio curso, que ocorrer\u00e1 do dia 12\/03\/19 a 30\/04\/19. <\/p>\n<\/div><div class=\"fusion-clearfix\"><\/div><\/div><\/div><\/div><\/div>\n","protected":false},"excerpt":{"rendered":"","protected":false},"author":1,"featured_media":0,"comment_status":"open","ping_status":"open","sticky":false,"template":"","format":"standard","meta":{"footnotes":""},"categories":[2],"tags":[],"class_list":["post-5578","post","type-post","status-publish","format-standard","hentry","category-publicaciones_es"],"_links":{"self":[{"href":"https:\/\/www.vivacquaadvogados.com\/es\/wp-json\/wp\/v2\/posts\/5578\/"}],"collection":[{"href":"https:\/\/www.vivacquaadvogados.com\/es\/wp-json\/wp\/v2\/posts\/"}],"about":[{"href":"https:\/\/www.vivacquaadvogados.com\/es\/wp-json\/wp\/v2\/types\/post\/"}],"author":[{"embeddable":true,"href":"https:\/\/www.vivacquaadvogados.com\/es\/wp-json\/wp\/v2\/users\/1\/"}],"replies":[{"embeddable":true,"href":"https:\/\/www.vivacquaadvogados.com\/es\/wp-json\/wp\/v2\/comments\/?post=5578"}],"version-history":[{"count":1,"href":"https:\/\/www.vivacquaadvogados.com\/es\/wp-json\/wp\/v2\/posts\/5578\/revisions\/"}],"predecessor-version":[{"id":5579,"href":"https:\/\/www.vivacquaadvogados.com\/es\/wp-json\/wp\/v2\/posts\/5578\/revisions\/5579\/"}],"wp:attachment":[{"href":"https:\/\/www.vivacquaadvogados.com\/es\/wp-json\/wp\/v2\/media\/?parent=5578"}],"wp:term":[{"taxonomy":"category","embeddable":true,"href":"https:\/\/www.vivacquaadvogados.com\/es\/wp-json\/wp\/v2\/categories\/?post=5578"},{"taxonomy":"post_tag","embeddable":true,"href":"https:\/\/www.vivacquaadvogados.com\/es\/wp-json\/wp\/v2\/tags\/?post=5578"}],"curies":[{"name":"wp","href":"https:\/\/api.w.org\/{rel}","templated":true}]}}