{"id":5591,"date":"2019-02-15T10:09:50","date_gmt":"2019-02-15T12:09:50","guid":{"rendered":"http:\/\/www.vivacquaadvogados.com\/lei-13-792-19-modifica-o-quorum-de-deliberacao-no-ambito-das-sociedades-limitadas\/"},"modified":"2019-07-02T10:10:34","modified_gmt":"2019-07-02T13:10:34","slug":"lei-13-792-19-modifica-o-quorum-de-deliberacao-no-ambito-das-sociedades-limitadas","status":"publish","type":"post","link":"https:\/\/www.vivacquaadvogados.com\/es\/lei-13-792-19-modifica-o-quorum-de-deliberacao-no-ambito-das-sociedades-limitadas\/","title":{"rendered":"LEI 13.792\/19 &#8211; MODIFICA O QU\u00d3RUM DE DELIBERA\u00c7\u00c3O NO \u00c2MBITO DAS SOCIEDADES LIMITADAS"},"content":{"rendered":"<div class=\"fusion-fullwidth fullwidth-box fusion-builder-row-1 nonhundred-percent-fullwidth non-hundred-percent-height-scrolling gradient-container-1\" style=\"--awb-border-radius-top-left:0px;--awb-border-radius-top-right:0px;--awb-border-radius-bottom-right:0px;--awb-border-radius-bottom-left:0px;--awb-margin-top:0px;--awb-margin-bottom:80px;--awb-flex-wrap:wrap;\" ><div class=\"fusion-builder-row fusion-row\"><div class=\"fusion-layout-column fusion_builder_column fusion-builder-column-0 fusion_builder_column_1_1 1_1 fusion-one-full fusion-column-first fusion-column-last\" style=\"--awb-bg-size:cover;--awb-margin-bottom:0px;\"><div class=\"fusion-column-wrapper fusion-flex-column-wrapper-legacy\"><div class=\"fusion-text fusion-text-1\"><p style=\"text-align: left; font-size: 20px; line-height: 30px;\">Em janeiro de 2019, foi publicada a Lei n\u00ba 13.792\/19, que vem alterar dispositivos da Lei no 10.406\/2002 (\u201cC\u00f3digo Civil\u201d) no que se refere a disposi\u00e7\u00f5es pertinentes ao qu\u00f3rum de delibera\u00e7\u00e3o no \u00e2mbito das sociedades limitadas.<\/p>\n<p style=\"text-align: left; font-size: 20px; line-height: 30px;\">Uma das altera\u00e7\u00f5es, ocorridas em fun\u00e7\u00e3o da publica\u00e7\u00e3o da Lei n\u00ba 13.792\/2019, consiste na modifica\u00e7\u00e3o do qu\u00f3rum necess\u00e1rio para a destitui\u00e7\u00e3o do s\u00f3cio nomeado administrador no contrato social. <\/p>\n<p style=\"text-align: left; font-size: 20px; line-height: 30px;\">No dispositivo legal anterior, tal destitui\u00e7\u00e3o dependia da aprova\u00e7\u00e3o de s\u00f3cios titulares de quotas representativas de, no m\u00ednimo, dois ter\u00e7os do capital social. <\/p>\n<p style=\"text-align: left; font-size: 20px; line-height: 30px;\">Com a nova lei, o qu\u00f3rum necess\u00e1rio para destitui\u00e7\u00e3o do s\u00f3cio nomeado administrador no contrato social passou a ser de mais da metade do capital social.<\/p>\n<p style=\"text-align: left; font-size: 20px; line-height: 30px;\">Esta altera\u00e7\u00e3o vem corrigir uma incongru\u00eancia. Anteriormente, exigia-se qu\u00f3rum superior para a destitui\u00e7\u00e3o do administrador nomeado no contrato social (2\/3 do capital social) do que para a pr\u00f3pria exclus\u00e3o de s\u00f3cio (mais da metade do capital social), embora esta segunda situa\u00e7\u00e3o seja considerada mais gravosa.<\/p>\n<p style=\"text-align: left; font-size: 20px; line-height: 30px;\">Adicionalmente, a exclus\u00e3o extrajudicial de s\u00f3cio minorit\u00e1rio de sociedade limitada pode ocorrer sem a pr\u00e9via realiza\u00e7\u00e3o de reuni\u00e3o, desde que atendidos os demais requisitos do caput do art. 1.085 do C\u00f3digo Civil.<\/p>\n<p style=\"text-align: left; font-size: 20px; line-height: 30px;\">Contudo, \u00e9 recomendada especial aten\u00e7\u00e3o a esta inova\u00e7\u00e3o legislativa, principalmente que diz respeito ao acompanhamento perante aos \u00f3rg\u00e3os de registro de atos societ\u00e1rios que possam repercutir nos direitos dos s\u00f3cios envolvidos.<\/p>\n<\/div><div class=\"fusion-clearfix\"><\/div><\/div><\/div><\/div><\/div>\n","protected":false},"excerpt":{"rendered":"","protected":false},"author":1,"featured_media":0,"comment_status":"open","ping_status":"open","sticky":false,"template":"","format":"standard","meta":{"footnotes":""},"categories":[2],"tags":[],"class_list":["post-5591","post","type-post","status-publish","format-standard","hentry","category-publicaciones_es"],"_links":{"self":[{"href":"https:\/\/www.vivacquaadvogados.com\/es\/wp-json\/wp\/v2\/posts\/5591\/"}],"collection":[{"href":"https:\/\/www.vivacquaadvogados.com\/es\/wp-json\/wp\/v2\/posts\/"}],"about":[{"href":"https:\/\/www.vivacquaadvogados.com\/es\/wp-json\/wp\/v2\/types\/post\/"}],"author":[{"embeddable":true,"href":"https:\/\/www.vivacquaadvogados.com\/es\/wp-json\/wp\/v2\/users\/1\/"}],"replies":[{"embeddable":true,"href":"https:\/\/www.vivacquaadvogados.com\/es\/wp-json\/wp\/v2\/comments\/?post=5591"}],"version-history":[{"count":1,"href":"https:\/\/www.vivacquaadvogados.com\/es\/wp-json\/wp\/v2\/posts\/5591\/revisions\/"}],"predecessor-version":[{"id":5592,"href":"https:\/\/www.vivacquaadvogados.com\/es\/wp-json\/wp\/v2\/posts\/5591\/revisions\/5592\/"}],"wp:attachment":[{"href":"https:\/\/www.vivacquaadvogados.com\/es\/wp-json\/wp\/v2\/media\/?parent=5591"}],"wp:term":[{"taxonomy":"category","embeddable":true,"href":"https:\/\/www.vivacquaadvogados.com\/es\/wp-json\/wp\/v2\/categories\/?post=5591"},{"taxonomy":"post_tag","embeddable":true,"href":"https:\/\/www.vivacquaadvogados.com\/es\/wp-json\/wp\/v2\/tags\/?post=5591"}],"curies":[{"name":"wp","href":"https:\/\/api.w.org\/{rel}","templated":true}]}}