{"id":5600,"date":"2019-02-22T09:13:46","date_gmt":"2019-02-22T12:13:46","guid":{"rendered":"http:\/\/www.vivacquaadvogados.com\/oab-rj-reconducao-presidencia-comissao-especial-de-licitacao-e-contratos-administrativos-celca\/"},"modified":"2019-07-03T09:14:35","modified_gmt":"2019-07-03T12:14:35","slug":"oab-rj-reconducao-presidencia-comissao-especial-de-licitacao-e-contratos-administrativos-celca","status":"publish","type":"post","link":"https:\/\/www.vivacquaadvogados.com\/es\/oab-rj-reconducao-presidencia-comissao-especial-de-licitacao-e-contratos-administrativos-celca\/","title":{"rendered":"OAB\/RJ &#8211; RECONDU\u00c7\u00c3O &#8211; PRESID\u00caNCIA &#8211; COMISS\u00c3O ESPECIAL DE LICITA\u00c7\u00c3O E CONTRATOS ADMINISTRATIVOS &#8211; CELCA"},"content":{"rendered":"<div class=\"fusion-fullwidth fullwidth-box fusion-builder-row-1 nonhundred-percent-fullwidth non-hundred-percent-height-scrolling gradient-container-1\" style=\"--awb-border-radius-top-left:0px;--awb-border-radius-top-right:0px;--awb-border-radius-bottom-right:0px;--awb-border-radius-bottom-left:0px;--awb-margin-top:0px;--awb-margin-bottom:80px;--awb-flex-wrap:wrap;\" ><div class=\"fusion-builder-row fusion-row\"><div class=\"fusion-layout-column fusion_builder_column fusion-builder-column-0 fusion_builder_column_1_1 1_1 fusion-one-full fusion-column-first fusion-column-last\" style=\"--awb-bg-size:cover;--awb-margin-bottom:0px;\"><div class=\"fusion-column-wrapper fusion-flex-column-wrapper-legacy\"><div class=\"fusion-text fusion-text-1\"><p style=\"text-align: left; font-size: 20px; line-height: 30px;\">Comunicamos aos nossos colaboradores, clientes e amigos que com a elei\u00e7\u00e3o do Dr. Luciano Bandeira Arantes, \u00e0 Presidencia da Ordem dos Advogados do Brasil &#8211; RJ a Dr.\u00aa Paula Pincelli Tavares Vivacqua foi nomeada pela Portaria n\u00ba 10.813\/2019, Presidente da Comiss\u00e3o Especial de Licita\u00e7\u00e3o e Contratos Administrativos &#8211; CELCA pela terceira vez consecutiva.<\/p>\n<p style=\"text-align: left; font-size: 20px; line-height: 30px;\">Com este novo mandato a Dr.\u00aa Paula permanecer\u00e1 na posi\u00e7\u00e3o que ocupa desde 2012 at\u00e9 dezembro de 2021.<\/p>\n<p style=\"text-align: left; font-size: 20px; line-height: 30px;\">Desejamos a ela muita sorte com a certeza de que como de praxe desempenhar\u00e1 suas fun\u00e7\u00f5es com a dilig\u00eancia e presteza que lhe \u00e9 peculiar.<\/p>\n<\/div><div class=\"fusion-clearfix\"><\/div><\/div><\/div><\/div><\/div>\n","protected":false},"excerpt":{"rendered":"","protected":false},"author":1,"featured_media":0,"comment_status":"open","ping_status":"open","sticky":false,"template":"","format":"standard","meta":{"footnotes":""},"categories":[2],"tags":[],"class_list":["post-5600","post","type-post","status-publish","format-standard","hentry","category-publicaciones_es"],"_links":{"self":[{"href":"https:\/\/www.vivacquaadvogados.com\/es\/wp-json\/wp\/v2\/posts\/5600\/"}],"collection":[{"href":"https:\/\/www.vivacquaadvogados.com\/es\/wp-json\/wp\/v2\/posts\/"}],"about":[{"href":"https:\/\/www.vivacquaadvogados.com\/es\/wp-json\/wp\/v2\/types\/post\/"}],"author":[{"embeddable":true,"href":"https:\/\/www.vivacquaadvogados.com\/es\/wp-json\/wp\/v2\/users\/1\/"}],"replies":[{"embeddable":true,"href":"https:\/\/www.vivacquaadvogados.com\/es\/wp-json\/wp\/v2\/comments\/?post=5600"}],"version-history":[{"count":1,"href":"https:\/\/www.vivacquaadvogados.com\/es\/wp-json\/wp\/v2\/posts\/5600\/revisions\/"}],"predecessor-version":[{"id":5601,"href":"https:\/\/www.vivacquaadvogados.com\/es\/wp-json\/wp\/v2\/posts\/5600\/revisions\/5601\/"}],"wp:attachment":[{"href":"https:\/\/www.vivacquaadvogados.com\/es\/wp-json\/wp\/v2\/media\/?parent=5600"}],"wp:term":[{"taxonomy":"category","embeddable":true,"href":"https:\/\/www.vivacquaadvogados.com\/es\/wp-json\/wp\/v2\/categories\/?post=5600"},{"taxonomy":"post_tag","embeddable":true,"href":"https:\/\/www.vivacquaadvogados.com\/es\/wp-json\/wp\/v2\/tags\/?post=5600"}],"curies":[{"name":"wp","href":"https:\/\/api.w.org\/{rel}","templated":true}]}}