{"id":5611,"date":"2019-03-12T09:20:27","date_gmt":"2019-03-12T12:20:27","guid":{"rendered":"http:\/\/www.vivacquaadvogados.com\/lancamento-de-ciclo-eventos-observatorio-social-do-rio-e-oab-rj-comissao-de-licitacao-e-contratos-administrativos\/"},"modified":"2019-07-03T09:21:15","modified_gmt":"2019-07-03T12:21:15","slug":"lancamento-de-ciclo-eventos-observatorio-social-do-rio-e-oab-rj-comissao-de-licitacao-e-contratos-administrativos","status":"publish","type":"post","link":"https:\/\/www.vivacquaadvogados.com\/es\/lancamento-de-ciclo-eventos-observatorio-social-do-rio-e-oab-rj-comissao-de-licitacao-e-contratos-administrativos\/","title":{"rendered":"LAN\u00c7AMENTO DE CICLO EVENTOS &#8211; OBSERVAT\u00d3RIO SOCIAL DO RIO E OAB\/RJ &#8211; COMISS\u00c3O DE LICITA\u00c7\u00c3O E CONTRATOS ADMINISTRATIVOS"},"content":{"rendered":"<div class=\"fusion-fullwidth fullwidth-box fusion-builder-row-1 nonhundred-percent-fullwidth non-hundred-percent-height-scrolling gradient-container-1\" style=\"--awb-border-radius-top-left:0px;--awb-border-radius-top-right:0px;--awb-border-radius-bottom-right:0px;--awb-border-radius-bottom-left:0px;--awb-margin-top:0px;--awb-margin-bottom:80px;--awb-flex-wrap:wrap;\" ><div class=\"fusion-builder-row fusion-row\"><div class=\"fusion-layout-column fusion_builder_column fusion-builder-column-0 fusion_builder_column_1_1 1_1 fusion-one-full fusion-column-first fusion-column-last\" style=\"--awb-bg-size:cover;--awb-margin-bottom:0px;\"><div class=\"fusion-column-wrapper fusion-flex-column-wrapper-legacy\"><div class=\"fusion-text fusion-text-1\"><div id=\"attachment_5603\" style=\"width: 810px\" class=\"wp-caption aligncenter\"><img decoding=\"async\" aria-describedby=\"caption-attachment-5603\" class=\"size-800 wp-image-5603\" src=\"http:\/\/www.vivacquaadvogados.com\/wp-content\/uploads\/2019\/07\/palestra_observatorio1-800x346.png\" alt=\"\" width=\"800\" height=\"346\" srcset=\"https:\/\/www.vivacquaadvogados.com\/wp-content\/uploads\/2019\/07\/palestra_observatorio1-200x87.png 200w, https:\/\/www.vivacquaadvogados.com\/wp-content\/uploads\/2019\/07\/palestra_observatorio1-300x130.png 300w, https:\/\/www.vivacquaadvogados.com\/wp-content\/uploads\/2019\/07\/palestra_observatorio1-400x173.png 400w, https:\/\/www.vivacquaadvogados.com\/wp-content\/uploads\/2019\/07\/palestra_observatorio1-600x260.png 600w, https:\/\/www.vivacquaadvogados.com\/wp-content\/uploads\/2019\/07\/palestra_observatorio1-768x332.png 768w, https:\/\/www.vivacquaadvogados.com\/wp-content\/uploads\/2019\/07\/palestra_observatorio1-800x346.png 800w, https:\/\/www.vivacquaadvogados.com\/wp-content\/uploads\/2019\/07\/palestra_observatorio1-1024x443.png 1024w, https:\/\/www.vivacquaadvogados.com\/wp-content\/uploads\/2019\/07\/palestra_observatorio1-1200x519.png 1200w, https:\/\/www.vivacquaadvogados.com\/wp-content\/uploads\/2019\/07\/palestra_observatorio1.png 1232w\" sizes=\"(max-width: 800px) 100vw, 800px\" \/><p id=\"caption-attachment-5603\" class=\"wp-caption-text\">Composi\u00e7\u00e3o da mesa: Sr.\u00aa. M\u00e1rcia Andr\u00e9a Peres, Dr.\u00aa. Tatiana Bastos e Dr. Ricardo Pontes Vivacqua<\/p><\/div>\n<p style=\"text-align: left; font-size: 20px; line-height: 30px;\">Comunicamos nossos colaboradores, clientes, amigos e colegas que hoje ocorreu o primeiro painel do ciclo de eventos &#8220;Direito Administrativo na Pr\u00e1tica&#8221; realizado em conjunto entre o Observat\u00f3rio Social do Rio e a OAB\/RJ por interm\u00e9dio da Comiss\u00e3o Especial de Licita\u00e7\u00e3o e Contratos Administrativos &#8211;<br \/>\nCELCA.<\/p>\n<div id=\"attachment_5606\" style=\"width: 310px\" class=\"wp-caption alignleft\"><img decoding=\"async\" aria-describedby=\"caption-attachment-5606\" class=\"size-medium wp-image-5606\" src=\"http:\/\/www.vivacquaadvogados.com\/wp-content\/uploads\/2019\/07\/palestra_observatorio2-300x224.png\" alt=\"\" width=\"300\" height=\"224\" srcset=\"https:\/\/www.vivacquaadvogados.com\/wp-content\/uploads\/2019\/07\/palestra_observatorio2-200x150.png 200w, https:\/\/www.vivacquaadvogados.com\/wp-content\/uploads\/2019\/07\/palestra_observatorio2-300x224.png 300w, https:\/\/www.vivacquaadvogados.com\/wp-content\/uploads\/2019\/07\/palestra_observatorio2-400x299.png 400w, https:\/\/www.vivacquaadvogados.com\/wp-content\/uploads\/2019\/07\/palestra_observatorio2-600x449.png 600w, https:\/\/www.vivacquaadvogados.com\/wp-content\/uploads\/2019\/07\/palestra_observatorio2.png 638w\" sizes=\"(max-width: 300px) 100vw, 300px\" \/><p id=\"caption-attachment-5606\" class=\"wp-caption-text\">Sr.\u00aa. M\u00e1rcia Andr\u00e9a Peres, Controladora Geral do Mun do RJ<\/p><\/div>\n<p style=\"text-align: left; font-size: 20px; line-height: 30px;\">Aberto pelo Dr. Ricardo Pontes Vivacqua, membro da CELCA, este primeiro encontro teve como expositora a Sr.\u00aa. M\u00e1rcia Andr\u00e9a Peres, Controladora Geral do Munic\u00edpio do Rio de Janeiro que abordou o tema relacionado ao &#8220;Papel do Controle Interno na Contrata\u00e7\u00e3o P\u00fablica&#8221;.<\/p>\n<p style=\"text-align: left; font-size: 20px; line-height: 30px;\">O evento foi capitaneado pela Dr.\u00aa. Tatiana Bastos, Presidente do Observat\u00f3rio Social do Rio, que informou ao final da palestra que o pr\u00f3ximo painel ocorrer\u00e1 no dia 19\/03\/19, \u00e0s 10:00 e ter\u00e1 por objeto &#8220;O Papel do Controle Externo na Contrata\u00e7\u00e3o Publica&#8221;.<\/p>\n<\/div><div class=\"fusion-clearfix\"><\/div><\/div><\/div><\/div><\/div>\n","protected":false},"excerpt":{"rendered":"","protected":false},"author":1,"featured_media":0,"comment_status":"open","ping_status":"open","sticky":false,"template":"","format":"standard","meta":{"footnotes":""},"categories":[2],"tags":[],"class_list":["post-5611","post","type-post","status-publish","format-standard","hentry","category-publicaciones_es"],"_links":{"self":[{"href":"https:\/\/www.vivacquaadvogados.com\/es\/wp-json\/wp\/v2\/posts\/5611\/"}],"collection":[{"href":"https:\/\/www.vivacquaadvogados.com\/es\/wp-json\/wp\/v2\/posts\/"}],"about":[{"href":"https:\/\/www.vivacquaadvogados.com\/es\/wp-json\/wp\/v2\/types\/post\/"}],"author":[{"embeddable":true,"href":"https:\/\/www.vivacquaadvogados.com\/es\/wp-json\/wp\/v2\/users\/1\/"}],"replies":[{"embeddable":true,"href":"https:\/\/www.vivacquaadvogados.com\/es\/wp-json\/wp\/v2\/comments\/?post=5611"}],"version-history":[{"count":1,"href":"https:\/\/www.vivacquaadvogados.com\/es\/wp-json\/wp\/v2\/posts\/5611\/revisions\/"}],"predecessor-version":[{"id":5612,"href":"https:\/\/www.vivacquaadvogados.com\/es\/wp-json\/wp\/v2\/posts\/5611\/revisions\/5612\/"}],"wp:attachment":[{"href":"https:\/\/www.vivacquaadvogados.com\/es\/wp-json\/wp\/v2\/media\/?parent=5611"}],"wp:term":[{"taxonomy":"category","embeddable":true,"href":"https:\/\/www.vivacquaadvogados.com\/es\/wp-json\/wp\/v2\/categories\/?post=5611"},{"taxonomy":"post_tag","embeddable":true,"href":"https:\/\/www.vivacquaadvogados.com\/es\/wp-json\/wp\/v2\/tags\/?post=5611"}],"curies":[{"name":"wp","href":"https:\/\/api.w.org\/{rel}","templated":true}]}}