{"id":6075,"date":"2019-10-10T11:20:50","date_gmt":"2019-10-10T14:20:50","guid":{"rendered":"http:\/\/www.vivacquaadvogados.com\/stj-resp-1-656-172-indisponibilidade-de-bens-ampliacao-dos-efeitos-medida-cautelar-fiscal\/"},"modified":"2019-10-14T09:23:01","modified_gmt":"2019-10-14T12:23:01","slug":"stj-resp-1-656-172-indisponibilidade-de-bens-ampliacao-dos-efeitos-medida-cautelar-fiscal","status":"publish","type":"post","link":"https:\/\/www.vivacquaadvogados.com\/es\/stj-resp-1-656-172-indisponibilidade-de-bens-ampliacao-dos-efeitos-medida-cautelar-fiscal\/","title":{"rendered":"STJ &#8211; RESP 1.656.172 &#8211; INDISPONIBILIDADE DE BENS &#8211; AMPLIA\u00c7\u00c3O DOS EFEITOS &#8211; MEDIDA CAUTELAR FISCAL"},"content":{"rendered":"<div class=\"fusion-fullwidth fullwidth-box fusion-builder-row-1 nonhundred-percent-fullwidth non-hundred-percent-height-scrolling gradient-container-1\" style=\"--awb-border-radius-top-left:0px;--awb-border-radius-top-right:0px;--awb-border-radius-bottom-right:0px;--awb-border-radius-bottom-left:0px;--awb-margin-top:0px;--awb-margin-bottom:80px;--awb-flex-wrap:wrap;\" ><div class=\"fusion-builder-row fusion-row\"><div class=\"fusion-layout-column fusion_builder_column fusion-builder-column-0 fusion_builder_column_1_1 1_1 fusion-one-full fusion-column-first fusion-column-last\" style=\"--awb-bg-size:cover;--awb-margin-bottom:0px;\"><div class=\"fusion-column-wrapper fusion-flex-column-wrapper-legacy\"><div class=\"fusion-text fusion-text-1\"><p style=\"text-align: left; font-size: 20px; line-height: 30px;\">Pela decis\u00e3o em comento, publicada em 02\/08\/19, a Primeira Turma, do STJ autorizou por unanimidade a amplia\u00e7\u00e3o dos efeitos da decreta\u00e7\u00e3o de indisponibilidade de bens em sede de medida cautelar fiscal nos casos em que for constatada fraude cometida por integrantes do grupo econ\u00f4mico, nos seguintes termos:<\/p>\n<p style=\"text-align: left; font-size: 20px; line-height: 30px;\">&#8220;PROCESSUAL CIVIL E TRIBUT\u00c1RIO. MEDIDA CAUTELAR FISCAL INCIDENTAL. GRUPO ECON\u00d4MICO DE FATO. INDISPONIBILIDADE DE BENS E\/OU DIREITOS DE PESSOAS N\u00c3O INTEGRANTES DO POLO PASSIVO. FRAUDE. REDIRECIONAMENTO. POSSIBILIDADE.<\/p>\n<p style=\"text-align: left; font-size: 20px; line-height: 30px;\"><em>1. Havendo prova da ocorr\u00eancia de fraude por grupo de pessoas f\u00edsicas e\/ou jur\u00eddicas, como a cria\u00e7\u00e3o de pessoas jur\u00eddicas fict\u00edcias para oportunizar a sonega\u00e7\u00e3o fiscal ou o esvaziamento patrimonial dos reais devedores, o ju\u00edzo da execu\u00e7\u00e3o pode redirecionar a execu\u00e7\u00e3o fiscal \u00e0s pessoas envolvidas e, com base no poder geral de cautela e dentro dos limites e condi\u00e7\u00f5es impostas pela legisla\u00e7\u00e3o, estender a ordem de indisponibilidade para garantia de todos os d\u00e9bitos tribut\u00e1rios gerados pelas pessoas participantes da situa\u00e7\u00e3o il\u00edcita, pois &#8220;os requisitos necess\u00e1rios para a imputa\u00e7\u00e3o da responsabilidade patrimonial secund\u00e1ria na a\u00e7\u00e3o principal de execu\u00e7\u00e3o s\u00e3o tamb\u00e9m exigidos na a\u00e7\u00e3o cautelar fiscal, posto acess\u00f3ria por natureza&#8221; (REsp 722.998\/MT, Rel. Ministro Luiz Fux, Primeira Turma, julgado em 11\/04\/2006, DJ 28\/04\/2006).<\/em><\/p>\n<p style=\"text-align: left; font-size: 20px; line-height: 30px;\"><em>2. Os bens indisponibilizados servir\u00e3o, em conjunto, \u00e0 garantia dos diversos cr\u00e9ditos tribut\u00e1rios cujo adimplemento era da responsabilidade das pessoas integrantes do esquema de sonega\u00e7\u00e3o fiscal.<\/em><\/p>\n<p style=\"text-align: left; font-size: 20px; line-height: 30px;\"><em>3. Sendo o caso de atos fraudulentos, a indisponibilidade de bens decorrente da medida cautelar fiscal n\u00e3o encontra limite no ativo permanente a que se refere o \u00a7 1\u00ba do art. 4\u00ba da Lei n. 8.397\/1992.<\/em><\/p>\n<p style=\"text-align: left; font-size: 20px; line-height: 30px;\"><em>4. Hip\u00f3tese em que o ac\u00f3rd\u00e3o recorrido limita a ordem de indisponibilidade ao processo executivo fiscal da qual a cautelar fiscal \u00e9 incidente, n\u00e3o admitindo, desde logo, que alcance pessoas n\u00e3o integrantes do polo passivo.<\/em><\/p>\n<p style=\"text-align: left; font-size: 20px; line-height: 30px;\"><em>5. Considerado o delineamento f\u00e1tico-probat\u00f3rio do ac\u00f3rd\u00e3o a quo, n\u00e3o h\u00e1 elementos que possibilitem verificar se a ordem de indisponibilidade alcan\u00e7a as outras pessoas jur\u00eddicas e f\u00edsicas indicadas pela Fazenda exequente.<\/em><\/p>\n<p style=\"text-align: left; font-size: 20px; line-height: 30px;\"><em>6. Recurso especial parcialmente provido.&#8221;<\/em><\/p>\n<\/div><div class=\"fusion-clearfix\"><\/div><\/div><\/div><\/div><\/div>\n","protected":false},"excerpt":{"rendered":"","protected":false},"author":1,"featured_media":0,"comment_status":"open","ping_status":"open","sticky":false,"template":"","format":"standard","meta":{"footnotes":""},"categories":[2],"tags":[],"class_list":["post-6075","post","type-post","status-publish","format-standard","hentry","category-publicaciones_es"],"_links":{"self":[{"href":"https:\/\/www.vivacquaadvogados.com\/es\/wp-json\/wp\/v2\/posts\/6075\/"}],"collection":[{"href":"https:\/\/www.vivacquaadvogados.com\/es\/wp-json\/wp\/v2\/posts\/"}],"about":[{"href":"https:\/\/www.vivacquaadvogados.com\/es\/wp-json\/wp\/v2\/types\/post\/"}],"author":[{"embeddable":true,"href":"https:\/\/www.vivacquaadvogados.com\/es\/wp-json\/wp\/v2\/users\/1\/"}],"replies":[{"embeddable":true,"href":"https:\/\/www.vivacquaadvogados.com\/es\/wp-json\/wp\/v2\/comments\/?post=6075"}],"version-history":[{"count":1,"href":"https:\/\/www.vivacquaadvogados.com\/es\/wp-json\/wp\/v2\/posts\/6075\/revisions\/"}],"predecessor-version":[{"id":6076,"href":"https:\/\/www.vivacquaadvogados.com\/es\/wp-json\/wp\/v2\/posts\/6075\/revisions\/6076\/"}],"wp:attachment":[{"href":"https:\/\/www.vivacquaadvogados.com\/es\/wp-json\/wp\/v2\/media\/?parent=6075"}],"wp:term":[{"taxonomy":"category","embeddable":true,"href":"https:\/\/www.vivacquaadvogados.com\/es\/wp-json\/wp\/v2\/categories\/?post=6075"},{"taxonomy":"post_tag","embeddable":true,"href":"https:\/\/www.vivacquaadvogados.com\/es\/wp-json\/wp\/v2\/tags\/?post=6075"}],"curies":[{"name":"wp","href":"https:\/\/api.w.org\/{rel}","templated":true}]}}