{"id":6134,"date":"2019-10-24T11:48:07","date_gmt":"2019-10-24T14:48:07","guid":{"rendered":"http:\/\/www.vivacquaadvogados.com\/decreto-estadual-no-46-799-19-rio-de-janeiro-geracao-de-energia-eletrica-tratamento-tributario-diferenciado\/"},"modified":"2019-11-01T14:49:00","modified_gmt":"2019-11-01T17:49:00","slug":"decreto-estadual-no-46-799-19-rio-de-janeiro-geracao-de-energia-eletrica-tratamento-tributario-diferenciado","status":"publish","type":"post","link":"https:\/\/www.vivacquaadvogados.com\/es\/decreto-estadual-no-46-799-19-rio-de-janeiro-geracao-de-energia-eletrica-tratamento-tributario-diferenciado\/","title":{"rendered":"DECRETO ESTADUAL N\u00ba 46.799\/19 &#8211; RIO DE JANEIRO &#8211; GERA\u00c7\u00c3O DE ENERGIA EL\u00c9TRICA &#8211; TRATAMENTO TRIBUT\u00c1RIO DIFERENCIADO"},"content":{"rendered":"<div class=\"fusion-fullwidth fullwidth-box fusion-builder-row-1 nonhundred-percent-fullwidth non-hundred-percent-height-scrolling gradient-container-1\" style=\"--awb-border-radius-top-left:0px;--awb-border-radius-top-right:0px;--awb-border-radius-bottom-right:0px;--awb-border-radius-bottom-left:0px;--awb-margin-top:0px;--awb-margin-bottom:80px;--awb-flex-wrap:wrap;\" ><div class=\"fusion-builder-row fusion-row\"><div class=\"fusion-layout-column fusion_builder_column fusion-builder-column-0 fusion_builder_column_1_1 1_1 fusion-one-full fusion-column-first fusion-column-last\" style=\"--awb-bg-size:cover;--awb-margin-bottom:0px;\"><div class=\"fusion-column-wrapper fusion-flex-column-wrapper-legacy\"><div class=\"fusion-text fusion-text-1\"><p style=\"text-align: left; font-size: 20px; line-height: 30px;\">O referido decreto, publicado em 17\/10\/19, vigorar\u00e1 de 01\/12\/19 at\u00e9 2032, neste per\u00edodo ser\u00e1 concedido tratamento tribut\u00e1rio diferenciado \u00e0s empresas ou cons\u00f3rcios que venham a implementar projetos independentes de gera\u00e7\u00e3o de energia el\u00e9trica no estado, bem como \u00e0s empresas que vierem a ser contratadas ou subcontratadas para a constru\u00e7\u00e3o das usinas mediante concess\u00e3o de diferimento do ICMS na:<\/p>\n<ul>\n<li style=\"text-align: left; font-size: 20px; line-height: 30px;\">aquisi\u00e7\u00e3o ou importa\u00e7\u00e3o atrav\u00e9s dos portos no RJ de g\u00e1s natural, ainda que liquefeito, a ser utilizado no processo de gera\u00e7\u00e3o de energia el\u00e9trica, e;<\/li>\n<li style=\"text-align: left; font-size: 20px; line-height: 30px;\">importa\u00e7\u00f5es ou aquisi\u00e7\u00f5es internas e interestaduais de m\u00e1quinas, equipamentos, partes, pe\u00e7as, acess\u00f3rios destinados \u00e0 instala\u00e7\u00e3o das usinas termel\u00e9tricas e hidrel\u00e9tricas;<\/li>\n<\/ul>\n<p style=\"text-align: left; font-size: 20px; line-height: 30px;\">Para a frui\u00e7\u00e3o do tratamento tribut\u00e1rio diferenciado \u00e9 necess\u00e1rio que o empreendimento j\u00e1 tenha obtido licen\u00e7a ambiental pr\u00e9via e que os contribuintes mantenham sua regularidade fiscal com o Estado do Rio de Janeiro.<\/p>\n<\/div><div class=\"fusion-clearfix\"><\/div><\/div><\/div><\/div><\/div>\n<div id=\"njcdgcofcbnlbpkpdhmlmiblaglnkpnj\"><\/div>\n","protected":false},"excerpt":{"rendered":"","protected":false},"author":1,"featured_media":0,"comment_status":"open","ping_status":"open","sticky":false,"template":"","format":"standard","meta":{"footnotes":""},"categories":[2],"tags":[],"class_list":["post-6134","post","type-post","status-publish","format-standard","hentry","category-publicaciones_es"],"_links":{"self":[{"href":"https:\/\/www.vivacquaadvogados.com\/es\/wp-json\/wp\/v2\/posts\/6134\/"}],"collection":[{"href":"https:\/\/www.vivacquaadvogados.com\/es\/wp-json\/wp\/v2\/posts\/"}],"about":[{"href":"https:\/\/www.vivacquaadvogados.com\/es\/wp-json\/wp\/v2\/types\/post\/"}],"author":[{"embeddable":true,"href":"https:\/\/www.vivacquaadvogados.com\/es\/wp-json\/wp\/v2\/users\/1\/"}],"replies":[{"embeddable":true,"href":"https:\/\/www.vivacquaadvogados.com\/es\/wp-json\/wp\/v2\/comments\/?post=6134"}],"version-history":[{"count":1,"href":"https:\/\/www.vivacquaadvogados.com\/es\/wp-json\/wp\/v2\/posts\/6134\/revisions\/"}],"predecessor-version":[{"id":6135,"href":"https:\/\/www.vivacquaadvogados.com\/es\/wp-json\/wp\/v2\/posts\/6134\/revisions\/6135\/"}],"wp:attachment":[{"href":"https:\/\/www.vivacquaadvogados.com\/es\/wp-json\/wp\/v2\/media\/?parent=6134"}],"wp:term":[{"taxonomy":"category","embeddable":true,"href":"https:\/\/www.vivacquaadvogados.com\/es\/wp-json\/wp\/v2\/categories\/?post=6134"},{"taxonomy":"post_tag","embeddable":true,"href":"https:\/\/www.vivacquaadvogados.com\/es\/wp-json\/wp\/v2\/tags\/?post=6134"}],"curies":[{"name":"wp","href":"https:\/\/api.w.org\/{rel}","templated":true}]}}