{"id":78518,"date":"2020-08-04T11:29:23","date_gmt":"2020-08-04T14:29:23","guid":{"rendered":"http:\/\/www.vivacquaadvogados.com\/receita-federal-portaria-conjunta-secint-rfb-no-25-20-suspensao-prazos-registros-no-siscoserv\/"},"modified":"2020-08-12T11:30:35","modified_gmt":"2020-08-12T14:30:35","slug":"receita-federal-portaria-conjunta-secint-rfb-no-25-20-suspensao-prazos-registros-no-siscoserv","status":"publish","type":"post","link":"https:\/\/www.vivacquaadvogados.com\/es\/receita-federal-portaria-conjunta-secint-rfb-no-25-20-suspensao-prazos-registros-no-siscoserv\/","title":{"rendered":"RECEITA FEDERAL &#8211; PORTARIA CONJUNTA SECINT\/RFB N\u00ba 25\/20 &#8211; SUSPENS\u00c3O PRAZOS &#8211; REGISTROS NO SISCOSERV"},"content":{"rendered":"<div class=\"fusion-fullwidth fullwidth-box fusion-builder-row-1 nonhundred-percent-fullwidth non-hundred-percent-height-scrolling gradient-container-1\" style=\"--awb-border-radius-top-left:0px;--awb-border-radius-top-right:0px;--awb-border-radius-bottom-right:0px;--awb-border-radius-bottom-left:0px;--awb-margin-top:0px;--awb-margin-bottom:80px;--awb-flex-wrap:wrap;\" ><div class=\"fusion-builder-row fusion-row\"><div class=\"fusion-layout-column fusion_builder_column fusion-builder-column-0 fusion_builder_column_1_1 1_1 fusion-one-full fusion-column-first fusion-column-last\" style=\"--awb-bg-size:cover;--awb-margin-bottom:0px;\"><div class=\"fusion-column-wrapper fusion-flex-column-wrapper-legacy\"><div class=\"fusion-text fusion-text-1\"><p style=\"text-align: left; font-size: 20px; line-height: 30px;\">A referida norma, publicada em 01\/07\/20 disp\u00f5e sobre a suspens\u00e3o dos prazos para presta\u00e7\u00e3o das informa\u00e7\u00f5es de que trata a Portaria MDIC n\u00ba 113\/12 e a Portaria Conjunta RFB\/SCS n\u00b0 1908\/12, a mencionada suspens\u00e3o ocorrer\u00e1 do dia 01\/07\/20 ao dia 31\/12\/20, para os registros a serem realizados no SISCOSERV &#8211; Sistema Integrado de Com\u00e9rcio Exterior de Servi\u00e7os, Intang\u00edveis e Outras Opera\u00e7\u00f5es que Produzam Varia\u00e7\u00f5es no Patrim\u00f4nio.<\/p>\n<\/div><div class=\"fusion-clearfix\"><\/div><\/div><\/div><\/div><\/div>\n","protected":false},"excerpt":{"rendered":"","protected":false},"author":1,"featured_media":0,"comment_status":"open","ping_status":"open","sticky":false,"template":"","format":"standard","meta":{"footnotes":""},"categories":[2],"tags":[],"class_list":["post-78518","post","type-post","status-publish","format-standard","hentry","category-publicaciones_es"],"_links":{"self":[{"href":"https:\/\/www.vivacquaadvogados.com\/es\/wp-json\/wp\/v2\/posts\/78518\/"}],"collection":[{"href":"https:\/\/www.vivacquaadvogados.com\/es\/wp-json\/wp\/v2\/posts\/"}],"about":[{"href":"https:\/\/www.vivacquaadvogados.com\/es\/wp-json\/wp\/v2\/types\/post\/"}],"author":[{"embeddable":true,"href":"https:\/\/www.vivacquaadvogados.com\/es\/wp-json\/wp\/v2\/users\/1\/"}],"replies":[{"embeddable":true,"href":"https:\/\/www.vivacquaadvogados.com\/es\/wp-json\/wp\/v2\/comments\/?post=78518"}],"version-history":[{"count":1,"href":"https:\/\/www.vivacquaadvogados.com\/es\/wp-json\/wp\/v2\/posts\/78518\/revisions\/"}],"predecessor-version":[{"id":78519,"href":"https:\/\/www.vivacquaadvogados.com\/es\/wp-json\/wp\/v2\/posts\/78518\/revisions\/78519\/"}],"wp:attachment":[{"href":"https:\/\/www.vivacquaadvogados.com\/es\/wp-json\/wp\/v2\/media\/?parent=78518"}],"wp:term":[{"taxonomy":"category","embeddable":true,"href":"https:\/\/www.vivacquaadvogados.com\/es\/wp-json\/wp\/v2\/categories\/?post=78518"},{"taxonomy":"post_tag","embeddable":true,"href":"https:\/\/www.vivacquaadvogados.com\/es\/wp-json\/wp\/v2\/tags\/?post=78518"}],"curies":[{"name":"wp","href":"https:\/\/api.w.org\/{rel}","templated":true}]}}