{"id":78532,"date":"2020-08-04T13:00:12","date_gmt":"2020-08-04T16:00:12","guid":{"rendered":"http:\/\/www.vivacquaadvogados.com\/carf-portaria-no-17-296-20-reuniao-de-julgamento-nao-presencial-regulamentacao\/"},"modified":"2020-08-12T11:37:29","modified_gmt":"2020-08-12T14:37:29","slug":"carf-portaria-no-17-296-20-reuniao-de-julgamento-nao-presencial-regulamentacao","status":"publish","type":"post","link":"https:\/\/www.vivacquaadvogados.com\/es\/carf-portaria-no-17-296-20-reuniao-de-julgamento-nao-presencial-regulamentacao\/","title":{"rendered":"CARF &#8211; PORTARIA N\u00ba 17.296\/20 &#8211; REUNI\u00c3O DE JULGAMENTO N\u00c3O PRESENCIAL &#8211; REGULAMENTA\u00c7\u00c3O"},"content":{"rendered":"<div class=\"fusion-fullwidth fullwidth-box fusion-builder-row-1 nonhundred-percent-fullwidth non-hundred-percent-height-scrolling gradient-container-1\" style=\"--awb-border-radius-top-left:0px;--awb-border-radius-top-right:0px;--awb-border-radius-bottom-right:0px;--awb-border-radius-bottom-left:0px;--awb-margin-top:0px;--awb-margin-bottom:80px;--awb-flex-wrap:wrap;\" ><div class=\"fusion-builder-row fusion-row\"><div class=\"fusion-layout-column fusion_builder_column fusion-builder-column-0 fusion_builder_column_1_1 1_1 fusion-one-full fusion-column-first fusion-column-last\" style=\"--awb-bg-size:cover;--awb-margin-bottom:0px;\"><div class=\"fusion-column-wrapper fusion-flex-column-wrapper-legacy\"><div class=\"fusion-text fusion-text-1\"><p style=\"text-align: left; font-size: 20px; line-height: 30px;\">O MINIST\u00c9RIO DA ECONOMIA E O CONSELHO ADMINISTRATIVO DE RECURSOS FISCAIS &#8211; CARF em 27\/07\/20, pela mencionada portaria regulamentou a realiza\u00e7\u00e3o de reuni\u00e3o de julgamento n\u00e3o presencial, por videoconfer\u00eancia ou tecnologia similar, prevista no art. 53, \u00a7\u00a7 1\u00ba e 2\u00ba do Anexo II do Regimento Interno do CARF e revogou a Portaria n\u00ba 10.786\/20. Com esta medida os processos que n\u00e3o se enquadrem nas caracter\u00edsticas listadas, n\u00e3o necessariamente ser\u00e3o inclu\u00eddos em sess\u00e3o presencial, mas poder\u00e3o ser pautados para sess\u00e3o agendada oportunamente, os interessados poder\u00e3o ainda optar por realizar a sustenta\u00e7\u00e3o oral gravada ou por videoconfer\u00eancia e acompanhar da sess\u00e3o de julgamento ao vivo.<\/p>\n<\/div><div class=\"fusion-clearfix\"><\/div><\/div><\/div><\/div><\/div>\n","protected":false},"excerpt":{"rendered":"","protected":false},"author":1,"featured_media":0,"comment_status":"open","ping_status":"open","sticky":false,"template":"","format":"standard","meta":{"footnotes":""},"categories":[2],"tags":[],"class_list":["post-78532","post","type-post","status-publish","format-standard","hentry","category-publicaciones_es"],"_links":{"self":[{"href":"https:\/\/www.vivacquaadvogados.com\/es\/wp-json\/wp\/v2\/posts\/78532\/"}],"collection":[{"href":"https:\/\/www.vivacquaadvogados.com\/es\/wp-json\/wp\/v2\/posts\/"}],"about":[{"href":"https:\/\/www.vivacquaadvogados.com\/es\/wp-json\/wp\/v2\/types\/post\/"}],"author":[{"embeddable":true,"href":"https:\/\/www.vivacquaadvogados.com\/es\/wp-json\/wp\/v2\/users\/1\/"}],"replies":[{"embeddable":true,"href":"https:\/\/www.vivacquaadvogados.com\/es\/wp-json\/wp\/v2\/comments\/?post=78532"}],"version-history":[{"count":1,"href":"https:\/\/www.vivacquaadvogados.com\/es\/wp-json\/wp\/v2\/posts\/78532\/revisions\/"}],"predecessor-version":[{"id":78533,"href":"https:\/\/www.vivacquaadvogados.com\/es\/wp-json\/wp\/v2\/posts\/78532\/revisions\/78533\/"}],"wp:attachment":[{"href":"https:\/\/www.vivacquaadvogados.com\/es\/wp-json\/wp\/v2\/media\/?parent=78532"}],"wp:term":[{"taxonomy":"category","embeddable":true,"href":"https:\/\/www.vivacquaadvogados.com\/es\/wp-json\/wp\/v2\/categories\/?post=78532"},{"taxonomy":"post_tag","embeddable":true,"href":"https:\/\/www.vivacquaadvogados.com\/es\/wp-json\/wp\/v2\/tags\/?post=78532"}],"curies":[{"name":"wp","href":"https:\/\/api.w.org\/{rel}","templated":true}]}}