{"id":78538,"date":"2020-08-04T14:00:23","date_gmt":"2020-08-04T17:00:23","guid":{"rendered":"http:\/\/www.vivacquaadvogados.com\/jucerja-100-digital-prazo-final-de-2020\/"},"modified":"2020-08-12T11:39:37","modified_gmt":"2020-08-12T14:39:37","slug":"jucerja-100-digital-prazo-final-de-2020","status":"publish","type":"post","link":"https:\/\/www.vivacquaadvogados.com\/es\/jucerja-100-digital-prazo-final-de-2020\/","title":{"rendered":"JUCERJA &#8211; 100% DIGITAL &#8211; PRAZO &#8211; FINAL DE 2020"},"content":{"rendered":"<div class=\"fusion-fullwidth fullwidth-box fusion-builder-row-1 nonhundred-percent-fullwidth non-hundred-percent-height-scrolling gradient-container-1\" style=\"--awb-border-radius-top-left:0px;--awb-border-radius-top-right:0px;--awb-border-radius-bottom-right:0px;--awb-border-radius-bottom-left:0px;--awb-margin-top:0px;--awb-margin-bottom:80px;--awb-flex-wrap:wrap;\" ><div class=\"fusion-builder-row fusion-row\"><div class=\"fusion-layout-column fusion_builder_column fusion-builder-column-0 fusion_builder_column_1_1 1_1 fusion-one-full fusion-column-first fusion-column-last\" style=\"--awb-bg-size:cover;--awb-margin-bottom:0px;\"><div class=\"fusion-column-wrapper fusion-flex-column-wrapper-legacy\"><div class=\"fusion-text fusion-text-1\"><p style=\"text-align: left; font-size: 20px; line-height: 30px;\">A Junta Comercial do Rio de Janeiro &#8211; JUCERJA informa em seu site (<a href=\"https:\/\/www.jucerja.rj.gov.br\/\" rel=\"noopener noreferrer\" target=\"_blank\">https:\/\/www.jucerja.rj.gov.br\/<\/a>) que at\u00e9 o fim de 2020 todos os atos societ\u00e1rios dever\u00e3o ser, obrigatoriamente, apresentados para registro de forma eletr\u00f4nica, mediante utiliza\u00e7\u00e3o de certificado digital. Para que os usu\u00e1rios possam se preparar para esta mudan\u00e7a, a JUCERJA divulgou o cronograma de altera\u00e7\u00e3o dos procedimentos de protocolo para cada tipo societ\u00e1rio, em obedi\u00eancia \u00e0s normas do Departamento Nacional de Registro Empresarial e Integra\u00e7\u00e3o &#8211; DREI. Desta forma as Sociedades An\u00f4nimas, Cooperativas, Cons\u00f3rcios\/outros devem se valer desta nova sistem\u00e1tica a partir de 01\/08\/20, para Requerimentos de Empres\u00e1rios a partir de 01\/09\/20 e para as Empresas Individuais de Responsabilidade Limitada &#8211; EIRELI e Sociedades Limitadas a partir de 01\/11\/20. Os documentos apresentados antes destas datas, mas que tenham sido objeto de exig\u00eancia, ter\u00e3o seus tr\u00e2mites preservados at\u00e9 sua conclus\u00e3o. O atendimento presencial na JUCERJA voltou no dia 08\/06\/20, por agendamento no site na p\u00e1gina FALE CONOSCO (Op\u00e7\u00e3o AGENDAMENTO).<\/p>\n<\/div><div class=\"fusion-clearfix\"><\/div><\/div><\/div><\/div><\/div>\n","protected":false},"excerpt":{"rendered":"","protected":false},"author":1,"featured_media":0,"comment_status":"open","ping_status":"open","sticky":false,"template":"","format":"standard","meta":{"footnotes":""},"categories":[2],"tags":[],"class_list":["post-78538","post","type-post","status-publish","format-standard","hentry","category-publicaciones_es"],"_links":{"self":[{"href":"https:\/\/www.vivacquaadvogados.com\/es\/wp-json\/wp\/v2\/posts\/78538\/"}],"collection":[{"href":"https:\/\/www.vivacquaadvogados.com\/es\/wp-json\/wp\/v2\/posts\/"}],"about":[{"href":"https:\/\/www.vivacquaadvogados.com\/es\/wp-json\/wp\/v2\/types\/post\/"}],"author":[{"embeddable":true,"href":"https:\/\/www.vivacquaadvogados.com\/es\/wp-json\/wp\/v2\/users\/1\/"}],"replies":[{"embeddable":true,"href":"https:\/\/www.vivacquaadvogados.com\/es\/wp-json\/wp\/v2\/comments\/?post=78538"}],"version-history":[{"count":1,"href":"https:\/\/www.vivacquaadvogados.com\/es\/wp-json\/wp\/v2\/posts\/78538\/revisions\/"}],"predecessor-version":[{"id":78539,"href":"https:\/\/www.vivacquaadvogados.com\/es\/wp-json\/wp\/v2\/posts\/78538\/revisions\/78539\/"}],"wp:attachment":[{"href":"https:\/\/www.vivacquaadvogados.com\/es\/wp-json\/wp\/v2\/media\/?parent=78538"}],"wp:term":[{"taxonomy":"category","embeddable":true,"href":"https:\/\/www.vivacquaadvogados.com\/es\/wp-json\/wp\/v2\/categories\/?post=78538"},{"taxonomy":"post_tag","embeddable":true,"href":"https:\/\/www.vivacquaadvogados.com\/es\/wp-json\/wp\/v2\/tags\/?post=78538"}],"curies":[{"name":"wp","href":"https:\/\/api.w.org\/{rel}","templated":true}]}}