{"id":91518,"date":"2020-08-13T16:00:15","date_gmt":"2020-08-13T19:00:15","guid":{"rendered":"http:\/\/www.vivacquaadvogados.com\/cadastro-tecnico-federal-atividade-de-manutencao-em-areas-de-interesse-ambiental-vinculadas-a-isencao-do-itr-cadastro-tecnico-federal-desnecessidade\/"},"modified":"2020-09-07T15:48:34","modified_gmt":"2020-09-07T18:48:34","slug":"cadastro-tecnico-federal-atividade-de-manutencao-em-areas-de-interesse-ambiental-vinculadas-a-isencao-do-itr-cadastro-tecnico-federal-desnecessidade","status":"publish","type":"post","link":"https:\/\/www.vivacquaadvogados.com\/es\/cadastro-tecnico-federal-atividade-de-manutencao-em-areas-de-interesse-ambiental-vinculadas-a-isencao-do-itr-cadastro-tecnico-federal-desnecessidade\/","title":{"rendered":"CADASTRO T\u00c9CNICO FEDERAL &#8211; ATIVIDADE DE MANUTEN\u00c7\u00c3O EM \u00c1REAS DE INTERESSE AMBIENTAL VINCULADAS \u00c0 ISEN\u00c7\u00c3O DO ITR &#8211; CADASTRO T\u00c9CNICO FEDERAL &#8211; DESNECESSIDADE"},"content":{"rendered":"<div class=\"fusion-fullwidth fullwidth-box fusion-builder-row-1 nonhundred-percent-fullwidth non-hundred-percent-height-scrolling gradient-container-1\" style=\"--awb-border-radius-top-left:0px;--awb-border-radius-top-right:0px;--awb-border-radius-bottom-right:0px;--awb-border-radius-bottom-left:0px;--awb-margin-top:0px;--awb-margin-bottom:80px;--awb-flex-wrap:wrap;\" ><div class=\"fusion-builder-row fusion-row\"><div class=\"fusion-layout-column fusion_builder_column fusion-builder-column-0 fusion_builder_column_1_1 1_1 fusion-one-full fusion-column-first fusion-column-last\" style=\"--awb-bg-size:cover;--awb-margin-bottom:0px;\"><div class=\"fusion-column-wrapper fusion-flex-column-wrapper-legacy\"><div class=\"fusion-text fusion-text-1\"><p style=\"text-align: left; font-size: 20px; line-height: 30px;\">O Instituto Brasileiro do Meio Ambiente &#8211; IBAMA noticiou que propriet\u00e1rios rurais que prestam informa\u00e7\u00f5es ao sistema do Ato Declarat\u00f3rio Ambiental &#8211; ADA podem acessar o formul\u00e1rio eletr\u00f4nico para declara\u00e7\u00e3o sem que haja necessidade de inscri\u00e7\u00e3o no Cadastro T\u00e9cnico Federal -CTF. O novo entendimento do Instituto, v\u00e1lido a partir do ciclo de 2020, \u00e9 de que as atividades de manuten\u00e7\u00e3o de \u00e1reas de interesse ambiental (dispostas na Instru\u00e7\u00e3o Normativa IBAMA n\u00ba 05\/2009), que permitem o desconto na al\u00edquota do Imposto Territorial Rural (ITR), n\u00e3o s\u00e3o caracterizadas como potencialmente poluidoras e utilizadoras de recursos ambientais, n\u00e3o precisando constar no CTF. A medida n\u00e3o afeta a exigibilidade de cadastro para as demais atividades. Desta forma, de agora em diante, ser\u00e1 exigido apenas o cadastro no sistema do ADA, no site do IBAMA na internet, para aqueles propriet\u00e1rios rurais que queiram excluir do c\u00e1lculo do ITR \u00e1reas de preserva\u00e7\u00e3o permanente cuja \u00fanica atividade realizada nelas seja a sua manuten\u00e7\u00e3o. Por fim, \u00e9 importante registrar que o prazo para declara\u00e7\u00e3o do ADA termina em 30\/09\/20.<\/p>\n<\/div><div class=\"fusion-clearfix\"><\/div><\/div><\/div><\/div><\/div>\n","protected":false},"excerpt":{"rendered":"","protected":false},"author":1,"featured_media":0,"comment_status":"open","ping_status":"open","sticky":false,"template":"","format":"standard","meta":{"footnotes":""},"categories":[2],"tags":[],"class_list":["post-91518","post","type-post","status-publish","format-standard","hentry","category-publicaciones_es"],"_links":{"self":[{"href":"https:\/\/www.vivacquaadvogados.com\/es\/wp-json\/wp\/v2\/posts\/91518\/"}],"collection":[{"href":"https:\/\/www.vivacquaadvogados.com\/es\/wp-json\/wp\/v2\/posts\/"}],"about":[{"href":"https:\/\/www.vivacquaadvogados.com\/es\/wp-json\/wp\/v2\/types\/post\/"}],"author":[{"embeddable":true,"href":"https:\/\/www.vivacquaadvogados.com\/es\/wp-json\/wp\/v2\/users\/1\/"}],"replies":[{"embeddable":true,"href":"https:\/\/www.vivacquaadvogados.com\/es\/wp-json\/wp\/v2\/comments\/?post=91518"}],"version-history":[{"count":1,"href":"https:\/\/www.vivacquaadvogados.com\/es\/wp-json\/wp\/v2\/posts\/91518\/revisions\/"}],"predecessor-version":[{"id":91519,"href":"https:\/\/www.vivacquaadvogados.com\/es\/wp-json\/wp\/v2\/posts\/91518\/revisions\/91519\/"}],"wp:attachment":[{"href":"https:\/\/www.vivacquaadvogados.com\/es\/wp-json\/wp\/v2\/media\/?parent=91518"}],"wp:term":[{"taxonomy":"category","embeddable":true,"href":"https:\/\/www.vivacquaadvogados.com\/es\/wp-json\/wp\/v2\/categories\/?post=91518"},{"taxonomy":"post_tag","embeddable":true,"href":"https:\/\/www.vivacquaadvogados.com\/es\/wp-json\/wp\/v2\/tags\/?post=91518"}],"curies":[{"name":"wp","href":"https:\/\/api.w.org\/{rel}","templated":true}]}}