{"id":91525,"date":"2020-08-13T16:53:41","date_gmt":"2020-08-13T19:53:41","guid":{"rendered":"http:\/\/www.vivacquaadvogados.com\/home-office-como-fica-medida-provisoria-no-927-20-clt\/"},"modified":"2020-09-07T16:01:42","modified_gmt":"2020-09-07T19:01:42","slug":"home-office-como-fica-medida-provisoria-no-927-20-clt","status":"publish","type":"post","link":"https:\/\/www.vivacquaadvogados.com\/es\/home-office-como-fica-medida-provisoria-no-927-20-clt\/","title":{"rendered":"HOME OFFICE \u2013 COMO FICA ? &#8211; MEDIDA PROVIS\u00d3RIA N\u00ba 927\/20 &#8211; CLT"},"content":{"rendered":"<p><div class=\"fusion-fullwidth fullwidth-box fusion-builder-row-1 nonhundred-percent-fullwidth non-hundred-percent-height-scrolling gradient-container-1\" style=\"--awb-border-radius-top-left:0px;--awb-border-radius-top-right:0px;--awb-border-radius-bottom-right:0px;--awb-border-radius-bottom-left:0px;--awb-margin-top:0px;--awb-margin-bottom:80px;--awb-flex-wrap:wrap;\" ><div class=\"fusion-builder-row fusion-row\"><div class=\"fusion-layout-column fusion_builder_column fusion-builder-column-0 fusion_builder_column_1_1 1_1 fusion-one-full fusion-column-first fusion-column-last\" style=\"--awb-bg-size:cover;--awb-margin-bottom:0px;\"><div class=\"fusion-column-wrapper fusion-flex-column-wrapper-legacy\"><div class=\"fusion-text fusion-text-1\"><p style=\"text-align: left; font-size: 20px; line-height: 30px;\">Expirada a vig\u00eancia da referida medida provis\u00f3ria, em 19\/07\/20, n\u00e3o podemos esquecer que deixaram de ser v\u00e1lidas in\u00fameras regras, dentre elas, as de simplifica\u00e7\u00e3o do <em>home office<\/em> contudo importante recordar que as medidas adotadas pelas empresas na vig\u00eancia desta medida provis\u00f3ria permanecem v\u00e1lidas at\u00e9 o fim do prazo estabelecido e\/ou at\u00e9 o fim do estado de calamidade p\u00fablica.<\/p>\n<p style=\"text-align: left; font-size: 20px; line-height: 30px;\">Inobstante a Medida Provis\u00f3ria n\u00e3o seja mais eficaz, o <em>home office<\/em> poder\u00e1 continuar sendo utilizado regularmente pelas empresas desde que atendam as regras da CLT, das quais destacam-se:<\/p>\n<ul>\n<li><span style=\"text-align: left; font-size: 20px; line-height: 30px;\">o trabalho remoto n\u00e3o poder\u00e1 ser determinado pelo empregador; devendo as empresas celebrar acordo diretamente com os funcion\u00e1rios, por termo aditivo ao contrato de trabalho, com todas as especifica\u00e7\u00f5es necess\u00e1rias do referido regime e das atividades a serem realizadas pelo empregado;<\/span><\/li>\n<li><span style=\"text-align: left; font-size: 20px; line-height: 30px;\">o termo aditivo ao contrato de trabalho tamb\u00e9m dever\u00e1 dispor sobre as responsabilidades quanto a aquisi\u00e7\u00e3o, manuten\u00e7\u00e3o e\/ou fornecimento dos equipamentos tecnol\u00f3gicos e da infraestrutura necess\u00e1ria para a presta\u00e7\u00e3o do trabalho remoto, bem como pelo reembolso das despesas que ser\u00e3o suportadas pelo empregado, e;<\/span><\/li>\n<li><span style=\"text-align: left; font-size: 20px; line-height: 30px;\">a empresa dever\u00e1 instruir expressamente e prestar todo aux\u00edlio necess\u00e1rio para que os empregados tomem todos os cuidados relacionados \u00e0 sua sa\u00fade, a fim de evitar doen\u00e7as e acidentes de trabalho, mediante assinatura de termo de responsabilidade para cada funcion\u00e1rio.<\/span><\/li>\n<\/ul>\n<p style=\"text-align: left; font-size: 20px; line-height: 30px;\">Importante recordar ainda que: (i). caso a empresa opte pela manuten\u00e7\u00e3o do trabalho a dist\u00e2ncia para os empregados que j\u00e1 estavam em regime de <em>home office<\/em>, importante se faz a celebra\u00e7\u00e3o de termo de ajuste com os empregados, ratificando a continuidade dessa modalidade de trabalho; (ii). com o fim da MP, a utiliza\u00e7\u00e3o de aplicativos e programas da empresa fora do hor\u00e1rio de trabalho caracteriza jornada extraordin\u00e1ria ou sobreaviso, diferente do que ocorreu durante a vig\u00eancia da MP onde a utiliza\u00e7\u00e3o destas ferramentas n\u00e3o constitu\u00eda tempo \u00e0 disposi\u00e7\u00e3o ou de sobreaviso;(iii). empresas poder\u00e3o solicitar o retorno dos empregados \u00e0 sua sede, desde que observado o prazo de transi\u00e7\u00e3o de 15 dias e constar expressamente em aditivo contratual, tal como previsto na CLT, e; (iv) n\u00e3o existe mais disposi\u00e7\u00e3o legal expressa que autorize a realiza\u00e7\u00e3o de atividades remotas por aprendizes e estagi\u00e1rios.<\/p>\n<\/div><div class=\"fusion-clearfix\"><\/div><\/div><\/div><\/div><\/div><div class=\"fusion-fullwidth fullwidth-box fusion-builder-row-2 nonhundred-percent-fullwidth non-hundred-percent-height-scrolling gradient-container-2\" style=\"--awb-border-radius-top-left:0px;--awb-border-radius-top-right:0px;--awb-border-radius-bottom-right:0px;--awb-border-radius-bottom-left:0px;--awb-flex-wrap:wrap;\" ><div class=\"fusion-builder-row fusion-row\"><div class=\"fusion-layout-column fusion_builder_column fusion-builder-column-1 fusion_builder_column_1_1 1_1 fusion-one-full fusion-column-first fusion-column-last\" style=\"--awb-bg-size:cover;--awb-margin-bottom:0px;\"><div class=\"fusion-column-wrapper fusion-flex-column-wrapper-legacy\"><div class=\"fusion-text fusion-text-2\"><div id=\"njcdgcofcbnlbpkpdhmlmiblaglnkpnj\"><\/div>\n<\/div><div class=\"fusion-clearfix\"><\/div><\/div><\/div><\/div><\/div><\/p>\n","protected":false},"excerpt":{"rendered":"","protected":false},"author":1,"featured_media":0,"comment_status":"open","ping_status":"open","sticky":false,"template":"","format":"standard","meta":{"footnotes":""},"categories":[2],"tags":[],"class_list":["post-91525","post","type-post","status-publish","format-standard","hentry","category-publicaciones_es"],"_links":{"self":[{"href":"https:\/\/www.vivacquaadvogados.com\/es\/wp-json\/wp\/v2\/posts\/91525\/"}],"collection":[{"href":"https:\/\/www.vivacquaadvogados.com\/es\/wp-json\/wp\/v2\/posts\/"}],"about":[{"href":"https:\/\/www.vivacquaadvogados.com\/es\/wp-json\/wp\/v2\/types\/post\/"}],"author":[{"embeddable":true,"href":"https:\/\/www.vivacquaadvogados.com\/es\/wp-json\/wp\/v2\/users\/1\/"}],"replies":[{"embeddable":true,"href":"https:\/\/www.vivacquaadvogados.com\/es\/wp-json\/wp\/v2\/comments\/?post=91525"}],"version-history":[{"count":2,"href":"https:\/\/www.vivacquaadvogados.com\/es\/wp-json\/wp\/v2\/posts\/91525\/revisions\/"}],"predecessor-version":[{"id":91529,"href":"https:\/\/www.vivacquaadvogados.com\/es\/wp-json\/wp\/v2\/posts\/91525\/revisions\/91529\/"}],"wp:attachment":[{"href":"https:\/\/www.vivacquaadvogados.com\/es\/wp-json\/wp\/v2\/media\/?parent=91525"}],"wp:term":[{"taxonomy":"category","embeddable":true,"href":"https:\/\/www.vivacquaadvogados.com\/es\/wp-json\/wp\/v2\/categories\/?post=91525"},{"taxonomy":"post_tag","embeddable":true,"href":"https:\/\/www.vivacquaadvogados.com\/es\/wp-json\/wp\/v2\/tags\/?post=91525"}],"curies":[{"name":"wp","href":"https:\/\/api.w.org\/{rel}","templated":true}]}}