{"id":97172,"date":"2020-09-10T13:16:10","date_gmt":"2020-09-10T16:16:10","guid":{"rendered":"http:\/\/www.vivacquaadvogados.com\/conselho-nacional-de-politica-fazendaria-confaz-convenio-icms-n-87-20-estado-do-rio-de-janeiro-rj-autorizacao-implementar-o-programa-de-anistia-fiscal\/"},"modified":"2020-09-29T11:17:26","modified_gmt":"2020-09-29T14:17:26","slug":"conselho-nacional-de-politica-fazendaria-confaz-convenio-icms-n-87-20-estado-do-rio-de-janeiro-rj-autorizacao-implementar-o-programa-de-anistia-fiscal","status":"publish","type":"post","link":"https:\/\/www.vivacquaadvogados.com\/es\/conselho-nacional-de-politica-fazendaria-confaz-convenio-icms-n-87-20-estado-do-rio-de-janeiro-rj-autorizacao-implementar-o-programa-de-anistia-fiscal\/","title":{"rendered":"CONSELHO NACIONAL DE POL\u00cdTICA FAZEND\u00c1RIA (CONFAZ) &#8211; CONV\u00caNIO ICMS N\u00b0 87\/20 &#8211; ESTADO DO RIO DE JANEIRO\/RJ &#8211; AUTORIZA\u00c7\u00c3O IMPLEMENTAR O PROGRAMA DE ANISTIA FISCAL"},"content":{"rendered":"<div class=\"fusion-fullwidth fullwidth-box fusion-builder-row-1 nonhundred-percent-fullwidth non-hundred-percent-height-scrolling gradient-container-1\" style=\"--awb-border-radius-top-left:0px;--awb-border-radius-top-right:0px;--awb-border-radius-bottom-right:0px;--awb-border-radius-bottom-left:0px;--awb-margin-top:0px;--awb-margin-bottom:80px;--awb-flex-wrap:wrap;\" ><div class=\"fusion-builder-row fusion-row\"><div class=\"fusion-layout-column fusion_builder_column fusion-builder-column-0 fusion_builder_column_1_1 1_1 fusion-one-full fusion-column-first fusion-column-last\" style=\"--awb-bg-size:cover;--awb-margin-bottom:0px;\"><div class=\"fusion-column-wrapper fusion-flex-column-wrapper-legacy\"><div class=\"fusion-text fusion-text-1\"><p style=\"text-align: left; font-size: 20px; line-height: 30px;\">Pelo Conv\u00eanio ICMS n\u00b0 87\/20, publicado no DOU de 03\/09\/20, o Conselho Nacional de Pol\u00edtica Fazend\u00e1ria &#8211; CONFAZ autorizou o Estado do Rio de Janeiro a instituir novo programa especial de parcelamento de cr\u00e9ditos tribut\u00e1rios, inscritos ou n\u00e3o em d\u00edvida ativa, cujos fatos geradores tenham ocorrido at\u00e9 o dia 31\/08\/20. O benef\u00edcio em comento n\u00e3o se aplica aos contribuintes optantes pelo Regime Especial Unificado de Arrecada\u00e7\u00e3o de Tributos e Contribui\u00e7\u00f5es devidos pelas Microempresas e Empresas de Pequeno Porte \u2013 Simples Nacional.<\/p>\n<p style=\"text-align: left; font-size: 20px; line-height: 30px;\">Importante salientar que apesar de publicada a referida norma somente vigorar\u00e1 ap\u00f3s publica\u00e7\u00e3o da sua ratifica\u00e7\u00e3o nacional no DOU e regulamenta\u00e7\u00e3o pelo Estado do Rio de Janeiro.<\/p>\n<p style=\"text-align: left; font-size: 20px; line-height: 30px;\">Ficou tamb\u00e9m autorizado o parcelamento de d\u00e9bitos espontaneamente declarados ou informados ao Fisco pelo contribuinte, assim como o levantamento de valores depositados em ju\u00edzo, em a\u00e7\u00f5es n\u00e3o transitadas em julgado a favor do Estado, uma vez efetuada a quita\u00e7\u00e3o integral do d\u00e9bito.<\/p>\n<\/div><div class=\"fusion-clearfix\"><\/div><\/div><\/div><\/div><\/div>\n","protected":false},"excerpt":{"rendered":"","protected":false},"author":1,"featured_media":0,"comment_status":"open","ping_status":"open","sticky":false,"template":"","format":"standard","meta":{"footnotes":""},"categories":[2],"tags":[],"class_list":["post-97172","post","type-post","status-publish","format-standard","hentry","category-publicaciones_es"],"_links":{"self":[{"href":"https:\/\/www.vivacquaadvogados.com\/es\/wp-json\/wp\/v2\/posts\/97172\/"}],"collection":[{"href":"https:\/\/www.vivacquaadvogados.com\/es\/wp-json\/wp\/v2\/posts\/"}],"about":[{"href":"https:\/\/www.vivacquaadvogados.com\/es\/wp-json\/wp\/v2\/types\/post\/"}],"author":[{"embeddable":true,"href":"https:\/\/www.vivacquaadvogados.com\/es\/wp-json\/wp\/v2\/users\/1\/"}],"replies":[{"embeddable":true,"href":"https:\/\/www.vivacquaadvogados.com\/es\/wp-json\/wp\/v2\/comments\/?post=97172"}],"version-history":[{"count":1,"href":"https:\/\/www.vivacquaadvogados.com\/es\/wp-json\/wp\/v2\/posts\/97172\/revisions\/"}],"predecessor-version":[{"id":97173,"href":"https:\/\/www.vivacquaadvogados.com\/es\/wp-json\/wp\/v2\/posts\/97172\/revisions\/97173\/"}],"wp:attachment":[{"href":"https:\/\/www.vivacquaadvogados.com\/es\/wp-json\/wp\/v2\/media\/?parent=97172"}],"wp:term":[{"taxonomy":"category","embeddable":true,"href":"https:\/\/www.vivacquaadvogados.com\/es\/wp-json\/wp\/v2\/categories\/?post=97172"},{"taxonomy":"post_tag","embeddable":true,"href":"https:\/\/www.vivacquaadvogados.com\/es\/wp-json\/wp\/v2\/tags\/?post=97172"}],"curies":[{"name":"wp","href":"https:\/\/api.w.org\/{rel}","templated":true}]}}