{"id":97179,"date":"2020-09-23T12:20:33","date_gmt":"2020-09-23T15:20:33","guid":{"rendered":"http:\/\/www.vivacquaadvogados.com\/ministerio-do-meio-ambiente-portaria-mma-no-280-20-manifesto-de-transporte-de-residuos-mtr-nacional-criacao-vigencia-01-01-21\/"},"modified":"2020-09-29T11:21:34","modified_gmt":"2020-09-29T14:21:34","slug":"ministerio-do-meio-ambiente-portaria-mma-no-280-20-manifesto-de-transporte-de-residuos-mtr-nacional-criacao-vigencia-01-01-21","status":"publish","type":"post","link":"https:\/\/www.vivacquaadvogados.com\/es\/ministerio-do-meio-ambiente-portaria-mma-no-280-20-manifesto-de-transporte-de-residuos-mtr-nacional-criacao-vigencia-01-01-21\/","title":{"rendered":"MINIST\u00c9RIO DO MEIO AMBIENTE &#8211; PORTARIA MMA N\u00ba 280\/20 &#8211; MANIFESTO DE TRANSPORTE DE RES\u00cdDUOS\/MTR NACIONAL &#8211; CRIA\u00c7\u00c3O &#8211; VIG\u00caNCIA 01\/01\/21"},"content":{"rendered":"<div class=\"fusion-fullwidth fullwidth-box fusion-builder-row-1 nonhundred-percent-fullwidth non-hundred-percent-height-scrolling gradient-container-1\" style=\"--awb-border-radius-top-left:0px;--awb-border-radius-top-right:0px;--awb-border-radius-bottom-right:0px;--awb-border-radius-bottom-left:0px;--awb-margin-top:0px;--awb-margin-bottom:80px;--awb-flex-wrap:wrap;\" ><div class=\"fusion-builder-row fusion-row\"><div class=\"fusion-layout-column fusion_builder_column fusion-builder-column-0 fusion_builder_column_1_1 1_1 fusion-one-full fusion-column-first fusion-column-last\" style=\"--awb-bg-size:cover;--awb-margin-bottom:0px;\"><div class=\"fusion-column-wrapper fusion-flex-column-wrapper-legacy\"><div class=\"fusion-text fusion-text-1\"><p style=\"text-align: left; font-size: 20px; line-height: 30px;\">No dia 30\/06\/20, entrou em vigor a Portaria MMA n\u00ba 280\/20, expedida pelo Minist\u00e9rio do Meio Ambiente para criar o Manifesto de Transporte de Res\u00edduos \u2013 MTR Nacional, como ferramenta de gest\u00e3o e documento de declara\u00e7\u00e3o nacional de implanta\u00e7\u00e3o e operacionaliza\u00e7\u00e3o do Plano de Gerenciamento de Res\u00edduos S\u00f3lidos &#8211; PGRS, previsto no artigo 20 da Lei Federal n\u00ba 12.305\/10, que criou a Pol\u00edtica Nacional de Res\u00edduos S\u00f3lidos. O MTR \u00e9 uma ferramenta online gratuita, autodeclarat\u00f3ria, v\u00e1lida no territ\u00f3rio nacional, emitida pelo Sistema Nacional de Informa\u00e7\u00f5es sobre a Gest\u00e3o de Res\u00edduos S\u00f3lidos &#8211; SINIR, que, por sua vez, \u00e9 o sistema de coleta, integra\u00e7\u00e3o, sistematiza\u00e7\u00e3o e disponibiliza\u00e7\u00e3o de dados de operacionaliza\u00e7\u00e3o e implanta\u00e7\u00e3o dos planos de gerenciamento de res\u00edduos s\u00f3lidos. Conforme disposto no artigo 2\u00ba da Portaria MMA n\u00ba 280\/20, o MTR \u00e9 obrigat\u00f3ria nacionalmente para todos os geradores de res\u00edduos, sujeitos \u00e0 elabora\u00e7\u00e3o de Plano de Gerenciamento de Res\u00edduos S\u00f3lidos &#8211; PGRS, nos termos do artigo 20 da Lei Federal n\u00ba 12.305\/10, que criou a Pol\u00edtica Nacional de Res\u00edduos S\u00f3lidos, como ferramenta on-line capaz de rastrear a massa de res\u00edduos, controlando a gera\u00e7\u00e3o, armazenamento tempor\u00e1rio, transporte e destina\u00e7\u00e3o dos res\u00edduos s\u00f3lidos no Brasil.<\/p>\n<\/div><div class=\"fusion-clearfix\"><\/div><\/div><\/div><\/div><\/div>\n","protected":false},"excerpt":{"rendered":"","protected":false},"author":1,"featured_media":0,"comment_status":"open","ping_status":"open","sticky":false,"template":"","format":"standard","meta":{"footnotes":""},"categories":[2],"tags":[],"class_list":["post-97179","post","type-post","status-publish","format-standard","hentry","category-publicaciones_es"],"_links":{"self":[{"href":"https:\/\/www.vivacquaadvogados.com\/es\/wp-json\/wp\/v2\/posts\/97179\/"}],"collection":[{"href":"https:\/\/www.vivacquaadvogados.com\/es\/wp-json\/wp\/v2\/posts\/"}],"about":[{"href":"https:\/\/www.vivacquaadvogados.com\/es\/wp-json\/wp\/v2\/types\/post\/"}],"author":[{"embeddable":true,"href":"https:\/\/www.vivacquaadvogados.com\/es\/wp-json\/wp\/v2\/users\/1\/"}],"replies":[{"embeddable":true,"href":"https:\/\/www.vivacquaadvogados.com\/es\/wp-json\/wp\/v2\/comments\/?post=97179"}],"version-history":[{"count":1,"href":"https:\/\/www.vivacquaadvogados.com\/es\/wp-json\/wp\/v2\/posts\/97179\/revisions\/"}],"predecessor-version":[{"id":97180,"href":"https:\/\/www.vivacquaadvogados.com\/es\/wp-json\/wp\/v2\/posts\/97179\/revisions\/97180\/"}],"wp:attachment":[{"href":"https:\/\/www.vivacquaadvogados.com\/es\/wp-json\/wp\/v2\/media\/?parent=97179"}],"wp:term":[{"taxonomy":"category","embeddable":true,"href":"https:\/\/www.vivacquaadvogados.com\/es\/wp-json\/wp\/v2\/categories\/?post=97179"},{"taxonomy":"post_tag","embeddable":true,"href":"https:\/\/www.vivacquaadvogados.com\/es\/wp-json\/wp\/v2\/tags\/?post=97179"}],"curies":[{"name":"wp","href":"https:\/\/api.w.org\/{rel}","templated":true}]}}