{"id":99307,"date":"2020-10-23T15:20:37","date_gmt":"2020-10-23T18:20:37","guid":{"rendered":"http:\/\/www.vivacquaadvogados.com\/stf-re-no-596-832-re-no-576-967-teses-tributarias-de-repercussao-geral-pis-cofins-e-contribuicao-previdenciaria\/"},"modified":"2020-10-30T10:51:56","modified_gmt":"2020-10-30T13:51:56","slug":"stf-re-no-596-832-re-no-576-967-teses-tributarias-de-repercussao-geral-pis-cofins-e-contribuicao-previdenciaria","status":"publish","type":"post","link":"https:\/\/www.vivacquaadvogados.com\/es\/stf-re-no-596-832-re-no-576-967-teses-tributarias-de-repercussao-geral-pis-cofins-e-contribuicao-previdenciaria\/","title":{"rendered":"STF &#8211; RE N\u00ba 596.832 &#8211; RE N\u00ba 576.967 &#8211; TESES TRIBUT\u00c1RIAS DE REPERCUSS\u00c3O GERAL &#8211; PIS\/COFINS E CONTRIBUI\u00c7\u00c3O PREVIDENCI\u00c1RIA"},"content":{"rendered":"<div class=\"fusion-fullwidth fullwidth-box fusion-builder-row-1 nonhundred-percent-fullwidth non-hundred-percent-height-scrolling gradient-container-1\" style=\"--awb-border-radius-top-left:0px;--awb-border-radius-top-right:0px;--awb-border-radius-bottom-right:0px;--awb-border-radius-bottom-left:0px;--awb-margin-top:0px;--awb-margin-bottom:80px;--awb-flex-wrap:wrap;\" ><div class=\"fusion-builder-row fusion-row\"><div class=\"fusion-layout-column fusion_builder_column fusion-builder-column-0 fusion_builder_column_1_1 1_1 fusion-one-full fusion-column-first fusion-column-last\" style=\"--awb-bg-size:cover;--awb-margin-bottom:0px;\"><div class=\"fusion-column-wrapper fusion-flex-column-wrapper-legacy\"><div class=\"fusion-text fusion-text-1\"><p style=\"text-align: left; font-size: 20px; line-height: 30px;\">Publicados no dia 21\/10\/20 nos ac\u00f3rd\u00e3os em refer\u00eancia o STF fixou as seguintes teses de repercuss\u00e3o geral :<\/p>\n<ul>\n<li style=\"text-align: left; font-size: 20px; line-height: 30px;\">RE n\u00ba 596.832 &#8211; (tema 379): \u201c\u00c9 devida a restitui\u00e7\u00e3o da diferen\u00e7a das contribui\u00e7\u00f5es para o Programa de Integra\u00e7\u00e3o Social \u2013 PIS e para o Financiamento da Seguridade Social \u2013 Cofins recolhidas a mais, no regime de substitui\u00e7\u00e3o tribut\u00e1ria, se a base de c\u00e1lculo efetiva das opera\u00e7\u00f5es for inferior \u00e0 presumida.&#8221;<\/li>\n<li style=\"text-align: left; font-size: 20px; line-height: 30px;\">RE n\u00ba 576.967 &#8211; (tema 72): \u201c\u00c9 inconstitucional a incid\u00eancia da contribui\u00e7\u00e3o previdenci\u00e1ria a cargo do empregador sobre o sal\u00e1rio maternidade&#8221;.<\/li>\n<\/ul>\n<\/div><div class=\"fusion-clearfix\"><\/div><\/div><\/div><\/div><\/div>\n<div id=\"njcdgcofcbnlbpkpdhmlmiblaglnkpnj\"><\/div>\n","protected":false},"excerpt":{"rendered":"","protected":false},"author":1,"featured_media":0,"comment_status":"open","ping_status":"open","sticky":false,"template":"","format":"standard","meta":{"footnotes":""},"categories":[2],"tags":[],"class_list":["post-99307","post","type-post","status-publish","format-standard","hentry","category-publicaciones_es"],"_links":{"self":[{"href":"https:\/\/www.vivacquaadvogados.com\/es\/wp-json\/wp\/v2\/posts\/99307\/"}],"collection":[{"href":"https:\/\/www.vivacquaadvogados.com\/es\/wp-json\/wp\/v2\/posts\/"}],"about":[{"href":"https:\/\/www.vivacquaadvogados.com\/es\/wp-json\/wp\/v2\/types\/post\/"}],"author":[{"embeddable":true,"href":"https:\/\/www.vivacquaadvogados.com\/es\/wp-json\/wp\/v2\/users\/1\/"}],"replies":[{"embeddable":true,"href":"https:\/\/www.vivacquaadvogados.com\/es\/wp-json\/wp\/v2\/comments\/?post=99307"}],"version-history":[{"count":1,"href":"https:\/\/www.vivacquaadvogados.com\/es\/wp-json\/wp\/v2\/posts\/99307\/revisions\/"}],"predecessor-version":[{"id":99308,"href":"https:\/\/www.vivacquaadvogados.com\/es\/wp-json\/wp\/v2\/posts\/99307\/revisions\/99308\/"}],"wp:attachment":[{"href":"https:\/\/www.vivacquaadvogados.com\/es\/wp-json\/wp\/v2\/media\/?parent=99307"}],"wp:term":[{"taxonomy":"category","embeddable":true,"href":"https:\/\/www.vivacquaadvogados.com\/es\/wp-json\/wp\/v2\/categories\/?post=99307"},{"taxonomy":"post_tag","embeddable":true,"href":"https:\/\/www.vivacquaadvogados.com\/es\/wp-json\/wp\/v2\/tags\/?post=99307"}],"curies":[{"name":"wp","href":"https:\/\/api.w.org\/{rel}","templated":true}]}}